{"id":6861,"date":"2023-12-28T10:29:42","date_gmt":"2023-12-28T10:29:42","guid":{"rendered":"https:\/\/used82.com\/?p=6861"},"modified":"2023-12-28T10:29:42","modified_gmt":"2023-12-28T10:29:42","slug":"peje-vjehrra-e-denoncon-dhendrin-ne-polici-thote-se-tentoi-ta-hedh-nga-kati-i-gjashte","status":"publish","type":"post","link":"https:\/\/used82.com\/?p=6861","title":{"rendered":"Pej\u00eb: Vjehrra e denoncon dh\u00ebndrin n\u00eb Polici, thot\u00eb se tentoi ta hedh nga kati i gjasht\u00eb"},"content":{"rendered":"<p><strong>Rastet e dhun\u00ebs n\u00eb familje p\u00ebrdit\u00eb e m\u00eb shum\u00eb po rriten n\u00eb vendin ton\u00eb. Viktima jan\u00eb kryesisht grat\u00eb t\u00eb cilat shpesh hezitojn\u00eb t\u00eb raportojn\u00eb n\u00eb Polici dhun\u00ebn q\u00eb p\u00ebrjetojn\u00eb nga bashk\u00ebshort\u00ebt e tyre apo edhe an\u00ebtar\u00ebt e tjer\u00eb t\u00eb familjes. Nj\u00eb rast i till\u00eb ka ndodhur s\u00eb fundmi n\u00eb nj\u00eb familje n\u00eb Pej\u00eb.<\/strong><\/p>\n<p>K\u00ebt\u00eb her\u00eb, Sinjali m\u00ebson se nj\u00eb grua e ka denoncuar dh\u00ebndrin, t\u00eb cilin e ka akuzuar se ka ushtruar dhun\u00eb ndaj saj.<\/p>\n<p>Burimet brenda Prokuroris\u00eb kan\u00eb b\u00ebr\u00eb me dije se sherri ka plasur pas nj\u00eb mosmarr\u00ebveshje mes tyre teksa ndodheshim n\u00eb banes\u00ebn ku ata jetojn\u00eb s\u00eb bashku.<\/p>\n<p>Bazuar n\u00eb d\u00ebshmin\u00eb e 58-vje\u00e7ares, bashk\u00ebshorti i vajz\u00ebs s\u00eb saj ka tentuar q\u00eb ta hedh nga kati i gjasht\u00eb i banes\u00ebs, duke i shkaktuar shqet\u00ebsim e frik\u00eb.<\/p>\n<p>Posa Policia ka marr\u00eb informacionin p\u00ebr rastin, pal\u00ebt e p\u00ebrfshira jan\u00eb shoq\u00ebruar n\u00eb stacion policor, ku kan\u00eb dh\u00ebn\u00eb deklaratat e tyre n\u00eb lidhje me rastin.<\/p>\n<p>Sipas t\u00eb nj\u00ebjtave burime, burri i dyshuar e ka k\u00ebrc\u00ebnuar edhe nj\u00eb zyrtar policor, q\u00eb e arrestoi, duke e futur s\u00ebrish veten n\u00eb telashe.<\/p>\n<p>Ndaj tij Prokurori i Shtetit ka urdh\u00ebruar mas\u00ebn e ndalimit policor p\u00ebr veprat penale \u201cDhun\u00eb n\u00eb familje\u201d dhe \u201cKanosje\u201d.<\/p>\n","protected":false},"excerpt":{"rendered":"<p>Rastet e dhun\u00ebs n\u00eb familje p\u00ebrdit\u00eb e m\u00eb shum\u00eb po rriten n\u00eb vendin ton\u00eb. Viktima&#8230;<\/p>\n","protected":false},"author":1,"featured_media":0,"comment_status":"open","ping_status":"open","sticky":false,"template":"","format":"standard","meta":{"om_disable_all_campaigns":false,"_monsterinsights_skip_tracking":false,"_monsterinsights_sitenote_active":false,"_monsterinsights_sitenote_note":"","_monsterinsights_sitenote_category":0,"_uf_show_specific_survey":0,"_uf_disable_surveys":false,"footnotes":""},"categories":[1],"tags":[],"class_list":["post-6861","post","type-post","status-publish","format-standard","hentry","category-uncategorized"],"aioseo_notices":[],"views":37,"_links":{"self":[{"href":"https:\/\/used82.com\/index.php?rest_route=\/wp\/v2\/posts\/6861","targetHints":{"allow":["GET"]}}],"collection":[{"href":"https:\/\/used82.com\/index.php?rest_route=\/wp\/v2\/posts"}],"about":[{"href":"https:\/\/used82.com\/index.php?rest_route=\/wp\/v2\/types\/post"}],"author":[{"embeddable":true,"href":"https:\/\/used82.com\/index.php?rest_route=\/wp\/v2\/users\/1"}],"replies":[{"embeddable":true,"href":"https:\/\/used82.com\/index.php?rest_route=%2Fwp%2Fv2%2Fcomments&post=6861"}],"version-history":[{"count":0,"href":"https:\/\/used82.com\/index.php?rest_route=\/wp\/v2\/posts\/6861\/revisions"}],"wp:attachment":[{"href":"https:\/\/used82.com\/index.php?rest_route=%2Fwp%2Fv2%2Fmedia&parent=6861"}],"wp:term":[{"taxonomy":"category","embeddable":true,"href":"https:\/\/used82.com\/index.php?rest_route=%2Fwp%2Fv2%2Fcategories&post=6861"},{"taxonomy":"post_tag","embeddable":true,"href":"https:\/\/used82.com\/index.php?rest_route=%2Fwp%2Fv2%2Ftags&post=6861"}],"curies":[{"name":"wp","href":"https:\/\/api.w.org\/{rel}","templated":true}]}}