{"id":6867,"date":"2023-12-28T17:10:21","date_gmt":"2023-12-28T17:10:21","guid":{"rendered":"https:\/\/used82.com\/?p=6867"},"modified":"2023-12-28T17:10:21","modified_gmt":"2023-12-28T17:10:21","slug":"kurti-qeveria-nuk-ka-premtuar-mrekulli-por-korrektesi-e-pergjegjesi-po-e-mbajme-fjalen","status":"publish","type":"post","link":"https:\/\/used82.com\/?p=6867","title":{"rendered":"Kurti: Qeveria nuk ka premtuar mrekulli, por korrekt\u00ebsi e p\u00ebrgjegj\u00ebsi, po e mbajm\u00eb fjal\u00ebn"},"content":{"rendered":"<p><strong><em>\u201cQeveria nuk ka premtuar mrekulli, por korrekt\u00ebsi e p\u00ebrgjegj\u00ebsi, po e mbajm\u00eb fjal\u00ebn<\/em>\u201c, k\u00ebshtu ka th\u00ebn\u00eb kryeministri i vendit, Albin Kurti nga p\u00ebrurimi q\u00eb po b\u00ebnte bashke me dy prej vart\u00ebseve t\u00eb tij n\u00eb p\u00ebrurimin e fillimit t\u00eb pun\u00ebve p\u00ebr rregullimi e rrjetit t\u00eb uj\u00ebsjell\u00ebsit n\u00eb Komun\u00ebn e Fush\u00eb-Kosov\u00ebs, shkruan Insajderi.<\/strong><\/p>\n<p>Duke folur p\u00ebr fshatin Bardh i Madh, kreu i ekzekutivit tha se banor\u00ebt e k\u00ebtij lokaliteti nuk kan\u00eb g\u00ebzuar mund\u00ebsi t\u00eb barabarta t\u00eb pun\u00ebsimit n\u00eb nd\u00ebrmarrjen KEK q\u00eb jep drit\u00eb gjith\u00eb Kosov\u00ebs.<\/p>\n<p>P\u00ebr KEK-un ai tha se kan\u00eb parapar\u00eb q\u00eb t\u00eb investojm\u00eb jo vet\u00ebm n\u00eb modernizimin e Termocentralit t\u00eb Kosova B, por gjithashtu edhe n\u00eb rehabilitimin e thell\u00eb t\u00eb dy nj\u00ebsive t\u00eb Kosov\u00ebs A.<\/p>\n<p><em>\u201cFashit Bardh i Madh \u00ebsht\u00eb nj\u00eb fashat me 4 mij\u00eb banor\u00eb, nd\u00ebr vendbanimet m\u00eb t\u00eb m\u00ebdha n\u00eb Republik\u00ebn ton\u00eb, i njohur p\u00ebr minier\u00ebn sip\u00ebrfaq\u00ebsore t\u00eb th\u00ebngjillit, por edhe p\u00ebr klubet e shumta sportive, t\u00eb cil\u00ebt e kan\u00eb b\u00ebr\u00eb t\u00eb famsh\u00ebm n\u00eb nivel vendi. Bardhi \u00ebsht\u00eb i njohur p\u00ebr popullsin\u00eb pun\u00ebtore, andaj edhe n\u00eb takimet tona m\u00eb banor\u00ebt k\u00ebtu n\u00eb t\u00eb kaluar\u00ebn k\u00ebrkesa ka qen\u00eb uji i pijes edhe vendi i pun\u00ebs, banor\u00ebt nuk kan\u00eb g\u00ebzuar mund\u00ebsi t\u00eb barabarta t\u00eb pun\u00ebsimit n\u00eb nd\u00ebrmarrjen KEK q\u00eb jep drit\u00eb gjith\u00eb Kosov\u00ebs, ne si<strong>\u00a0Qeveri nuk kemi premtuar mrekulli kemi premtuar korrekt\u00ebsi dhe p\u00ebrgjegj\u00ebsi\u201d<\/strong>.<\/em><\/p>\n<p><em>\u201c\u2026<strong>Qeveria po e mban\u00eb fjal\u00ebn sot<\/strong>\u00a0do ta hedhim gurthemelin e projektit n\u00eb vler\u00eb 2.8 milion\u00eb euro, q\u00eb do t\u00eb sjell\u00eb uj\u00eb t\u00eb pijsh\u00ebm rreth 10 mij\u00eb banor\u00ebve t\u00eb k\u00ebsaj ane, i kemi dy lagje n\u00eb Fush\u00eb-Kosov\u00eb, dhe gjithashtu fshatrat Bardh i Madh dhe Sllatin\u00eb e madhe. Si\u00e7 e dini strategjin\u00eb ton\u00eb t\u00eb energjis\u00eb ne kemi parapar\u00eb q\u00eb t\u00eb investojm\u00eb jo vet\u00ebm n\u00eb modernizimin e Termocentralit t\u00eb Kosova B, por gjithashtu edhe n\u00eb rehabilitimin e thell\u00eb t\u00eb dy nj\u00ebsive t\u00eb Kosov\u00ebs A, p\u00ebr modernizmin e nj\u00ebsive t\u00eb termocentralit Kosova B ne e kemi n\u00ebnshkruar kontrat\u00ebn n\u00eb pranver\u00eb, nd\u00ebrkaq p\u00ebr t\u00eb dyt\u00ebn tenderi do t\u00eb shpall\u00ebt n\u00eb fillim t\u00eb vitit 2024, kan\u00eb p\u00ebrfunduar edhe shpron\u00ebsimet po b\u00ebhen edhe p\u00ebrgatitjet p\u00ebr nd\u00ebrtimin e parkut solar<\/em>\u201d.<\/p>\n<p>Kryeministri Albin Kurti, n\u00eb k\u00ebt\u00eb p\u00ebrurim po shoq\u00ebrohej nga ministrat Elbert Krasniqi dhe Liburn Aliu si dhe kryeshefin Ekzekutiv t\u00eb KRU \u201cPrishtina\u201d, Arsim Fetahu.<\/p>\n","protected":false},"excerpt":{"rendered":"<p>\u201cQeveria nuk ka premtuar mrekulli, por korrekt\u00ebsi e p\u00ebrgjegj\u00ebsi, po e mbajm\u00eb fjal\u00ebn\u201c, k\u00ebshtu ka&#8230;<\/p>\n","protected":false},"author":1,"featured_media":0,"comment_status":"open","ping_status":"open","sticky":false,"template":"","format":"standard","meta":{"om_disable_all_campaigns":false,"_monsterinsights_skip_tracking":false,"_monsterinsights_sitenote_active":false,"_monsterinsights_sitenote_note":"","_monsterinsights_sitenote_category":0,"_uf_show_specific_survey":0,"_uf_disable_surveys":false,"footnotes":""},"categories":[1],"tags":[],"class_list":["post-6867","post","type-post","status-publish","format-standard","hentry","category-uncategorized"],"aioseo_notices":[],"views":39,"_links":{"self":[{"href":"https:\/\/used82.com\/index.php?rest_route=\/wp\/v2\/posts\/6867","targetHints":{"allow":["GET"]}}],"collection":[{"href":"https:\/\/used82.com\/index.php?rest_route=\/wp\/v2\/posts"}],"about":[{"href":"https:\/\/used82.com\/index.php?rest_route=\/wp\/v2\/types\/post"}],"author":[{"embeddable":true,"href":"https:\/\/used82.com\/index.php?rest_route=\/wp\/v2\/users\/1"}],"replies":[{"embeddable":true,"href":"https:\/\/used82.com\/index.php?rest_route=%2Fwp%2Fv2%2Fcomments&post=6867"}],"version-history":[{"count":0,"href":"https:\/\/used82.com\/index.php?rest_route=\/wp\/v2\/posts\/6867\/revisions"}],"wp:attachment":[{"href":"https:\/\/used82.com\/index.php?rest_route=%2Fwp%2Fv2%2Fmedia&parent=6867"}],"wp:term":[{"taxonomy":"category","embeddable":true,"href":"https:\/\/used82.com\/index.php?rest_route=%2Fwp%2Fv2%2Fcategories&post=6867"},{"taxonomy":"post_tag","embeddable":true,"href":"https:\/\/used82.com\/index.php?rest_route=%2Fwp%2Fv2%2Ftags&post=6867"}],"curies":[{"name":"wp","href":"https:\/\/api.w.org\/{rel}","templated":true}]}}