{"id":6869,"date":"2023-12-28T17:11:54","date_gmt":"2023-12-28T17:11:54","guid":{"rendered":"https:\/\/used82.com\/?p=6869"},"modified":"2023-12-28T17:11:54","modified_gmt":"2023-12-28T17:11:54","slug":"shtyhet-serish-vendimi-per-masen-e-sigurise-ndaj-berishes","status":"publish","type":"post","link":"https:\/\/used82.com\/?p=6869","title":{"rendered":"Shtyhet s\u00ebrish vendimi p\u00ebr mas\u00ebn e siguris\u00eb ndaj Berish\u00ebs"},"content":{"rendered":"<p>Gjykata e Posa\u00e7me Kund\u00ebr Krimit t\u00eb Organizuar dhe Korrupsionit ka shtyr\u00eb s\u00ebrsih vendimin p\u00ebr dh\u00ebnien e mas\u00ebs s\u00eb siguris\u00eb p\u00ebr ish-kryeministrine Shqip\u00ebris\u00eb, Sali Berisha.<\/p>\n<p>N\u00eb seanc\u00ebn e mbajtur k\u00ebt\u00eb t\u00eb enjte, GJKKO vendosi q\u00eb vendimi t\u00eb jepet dit\u00ebn e shtun\u00eb n\u00eb or\u00ebn 11:00.<\/p>\n<p>Shkak \u00ebsht\u00eb b\u00ebr\u00eb k\u00ebrkesa e avokat\u00ebve t\u00eb Berish\u00ebs p\u00ebr p\u00ebrjashtimin e gjyqatres Irena Gjoka, e cila sipas tyre \u00ebsht\u00eb n\u00eb kushtet e konfliktit t\u00eb interesit me ish-kreyministrin, p\u00ebr shkak se ky i fundit e ka shkarkuar n\u00eb vitin 1996.<\/p>\n<p>GJKKO n\u00eb nj\u00eb njoftim publik theksoi se shtyrja b\u00ebhet p\u00ebr t\u2019i dh\u00ebn\u00eb mund\u00ebsi mbrojtjes t\u00eb depozitojn\u00eb k\u00ebrkes\u00ebn p\u00ebr p\u00ebrjashtimin e trupit gjykues.<\/p>\n<p>\u201cSeanca shtyhet p\u00ebr dit\u00ebn e shtun\u00eb m\u00eb 30 dhjetor, p\u00ebr t\u2019i dh\u00ebn\u00eb mund\u00ebsi avokat\u00ebve mbrojt\u00ebs t\u00eb depozitojn\u00eb k\u00ebrkes\u00ebn p\u00ebr p\u00ebrjashtimin e trupit gjykues\u201d, njofton kjo gjykat\u00eb, raporton EuronewsAlbania.<\/p>\n<p>Kujtojm\u00eb se SPAK k\u00ebrkoi q\u00eb Berish\u00ebs t\u2019i caktohet masa e siguris\u00eb \u201cArrest n\u00eb sht\u00ebpi\u201d\u00a0 me mbik\u00ebqyrje policore, si dhe t\u00eb mos i lejohen komunikimet me persona jasht\u00eb familjes.<\/p>\n<p>Si parap\u00ebrgatitje p\u00ebr k\u00ebt\u00eb vendim t\u00eb GJKKO, Berisha nga ana tjet\u00ebr n\u00eb 5 dit\u00ebt e fundit ka b\u00ebr\u00eb disa l\u00ebvizje. Fillimisht ka nisur nj\u00eb proces riorganizimi t\u00eb partis\u00eb q\u00eb tashm\u00eb do duhet t\u00eb funksionoj\u00eb n\u00eb k\u00ebto kushte t\u00eb reja q\u00eb Berisha nuk do mundet t\u00eb dal\u00eb nga banesa. Po ashtu, jan\u00eb shtuar kontaktet me grupimin e Bardhit p\u00ebr t\u00eb mund\u00ebsuar nj\u00eb koordinim t\u00eb aksionit opozitar edhe p\u00ebrtej Kuvendit.<\/p>\n<p>Ish-kryeministri akuzohet nga Prokuroria e Posa\u00e7me p\u00ebr korrupsion pasiv t\u00eb kryer n\u00eb bashk\u00ebpunim me dh\u00ebndrin e tij Jamarb\u00ebr Malltezi dhe nd\u00ebrtuesin Fatmir Bektashi sa i takon privatizimit t\u00eb ish-kompleksit \u201cPartizani\u201d.<\/p>\n","protected":false},"excerpt":{"rendered":"<p>Gjykata e Posa\u00e7me Kund\u00ebr Krimit t\u00eb Organizuar dhe Korrupsionit ka shtyr\u00eb s\u00ebrsih vendimin p\u00ebr dh\u00ebnien&#8230;<\/p>\n","protected":false},"author":1,"featured_media":0,"comment_status":"open","ping_status":"open","sticky":false,"template":"","format":"standard","meta":{"om_disable_all_campaigns":false,"_monsterinsights_skip_tracking":false,"_monsterinsights_sitenote_active":false,"_monsterinsights_sitenote_note":"","_monsterinsights_sitenote_category":0,"_uf_show_specific_survey":0,"_uf_disable_surveys":false,"footnotes":""},"categories":[1],"tags":[],"class_list":["post-6869","post","type-post","status-publish","format-standard","hentry","category-uncategorized"],"aioseo_notices":[],"views":46,"_links":{"self":[{"href":"https:\/\/used82.com\/index.php?rest_route=\/wp\/v2\/posts\/6869","targetHints":{"allow":["GET"]}}],"collection":[{"href":"https:\/\/used82.com\/index.php?rest_route=\/wp\/v2\/posts"}],"about":[{"href":"https:\/\/used82.com\/index.php?rest_route=\/wp\/v2\/types\/post"}],"author":[{"embeddable":true,"href":"https:\/\/used82.com\/index.php?rest_route=\/wp\/v2\/users\/1"}],"replies":[{"embeddable":true,"href":"https:\/\/used82.com\/index.php?rest_route=%2Fwp%2Fv2%2Fcomments&post=6869"}],"version-history":[{"count":0,"href":"https:\/\/used82.com\/index.php?rest_route=\/wp\/v2\/posts\/6869\/revisions"}],"wp:attachment":[{"href":"https:\/\/used82.com\/index.php?rest_route=%2Fwp%2Fv2%2Fmedia&parent=6869"}],"wp:term":[{"taxonomy":"category","embeddable":true,"href":"https:\/\/used82.com\/index.php?rest_route=%2Fwp%2Fv2%2Fcategories&post=6869"},{"taxonomy":"post_tag","embeddable":true,"href":"https:\/\/used82.com\/index.php?rest_route=%2Fwp%2Fv2%2Ftags&post=6869"}],"curies":[{"name":"wp","href":"https:\/\/api.w.org\/{rel}","templated":true}]}}