{"id":6871,"date":"2023-12-28T17:13:39","date_gmt":"2023-12-28T17:13:39","guid":{"rendered":"https:\/\/used82.com\/?p=6871"},"modified":"2023-12-28T17:13:39","modified_gmt":"2023-12-28T17:13:39","slug":"truproja-e-kurtit-sulmon-fizikisht-gazetaren-ai-vazhdon-rrugen-pa-e-care-koken","status":"publish","type":"post","link":"https:\/\/used82.com\/?p=6871","title":{"rendered":"Truproja e Kurtit sulmon fizikisht gazetaren, ai vazhdon rrug\u00ebn pa e \u201c\u00e7ar\u00eb kok\u00ebn\u201d"},"content":{"rendered":"<p><strong><em>Sot kryeministri, Albin Kurti s\u00eb bashku me ministrat, Elbert Krasniqi dhe Liburn Aliu, kan\u00eb marr\u00eb pjes\u00eb n\u00eb p\u00ebrurimin e fillimit t\u00eb punimeve p\u00ebr rregullimin e rrjetit t\u00eb uj\u00ebsjell\u00ebsit n\u00eb Komun\u00ebn e Fush\u00eb Kosov\u00ebs.<\/em><\/strong><\/p>\n<p>Ndon\u00ebse aktiviteti i tyre ishte planifikuar t\u00eb shkoj \u2018mbar\u00eb e mir\u00eb\u2019, nj\u00eb gj\u00eb e till\u00eb nuk ka ndodhur. Dhe kjo p\u00ebr shkak se nj\u00ebri nd\u00ebr truprojat e Kurtit ka penguar gazetaren Blerta Dalloshi n\u00eb kryerjen e detyr\u00ebs s\u00eb saj.<\/p>\n<p>N\u00eb videon e postuar nga vet\u00eb gazetarja shihet se ai e ka shtyer at\u00eb duke ia kapur krahun me forc\u00eb, dhe sipas saj, i njejti ka ndalur edhe kamer\u00ebn me te cilen po xhironin.<\/p>\n<p>Dalloshi n\u00eb llogarin\u00eb e saj n\u00eb Facebook ka shkruar se kjo \u00ebsht\u00eb hera e dyt\u00eb q\u00eb mbrojta e af\u00ebrt e Kurtit \u00ebsht\u00eb duke e penguar at\u00eb q\u00eb t\u00eb kryej detyr\u00ebn e saj si gazetare, vepra t\u00eb cilat ajo i ka cil\u00ebsuar si sulm.<\/p>\n<p><em>\u201c\u00cbsht\u00eb hera e dyt\u00eb q\u00eb m\u00eb (sulmojn\u00eb) pengojn\u00eb n\u00eb kryerje t\u00eb detyr\u00ebs por kjo e sotmja \u00ebsht\u00eb kulmi. Shihet n\u00eb video sjellja e tyre derisa dora e djatht\u00eb ende po m\u00eb dhemb. Kapja e mikfrofonit nga ana e tij q\u00eb rezultoi edhe me ndaljen e kamer\u00ebs \u00ebsht\u00eb sikurse un\u00eb me i marr\u00eb arm\u00ebn atij\u201d,<\/em>\u00a0ka deklaruar Dalloshi.<\/p>\n<p>Kjo ngjarje nuk i ka ikur Kurtit pa e par\u00eb, por ai ka zgjedhur t\u00eb hesht\u00eb.<\/p>\n<p><iframe loading=\"lazy\" src=\"https:\/\/www.facebook.com\/plugins\/video.php?height=314&amp;href=https%3A%2F%2Fwww.facebook.com%2Fblerta.dalloshi%2Fvideos%2F635157991961492%2F&amp;show_text=false&amp;width=560&amp;t=0\" width=\"560\" height=\"314\" frameborder=\"0\" scrolling=\"no\" allowfullscreen=\"allowfullscreen\" data-mce-fragment=\"1\"><\/iframe><\/p>\n<p><strong>Ky \u00ebsht\u00eb postimi i plot\u00eb i gazetares Blerta Dalloshi.<\/strong><\/p>\n<p>Ka m\u00ebse 22 vjet q\u00eb punoj si gazetare. I kam prit e percjell\u00eb t\u00eb gjitha qeverisjet e kryeministrat duke nis nga Bajram Rexhepi. Por mbrotje t\u00eb af\u00ebr si t\u00eb kryeministrit Kurti asnj\u00ebher\u00eb nuk me ka rastis me pa. \u00cbsht\u00eb hera e dyt\u00eb q\u00eb m\u00eb (sulmojn\u00eb) pengojn\u00eb n\u00eb kryerje t\u00eb detyr\u00ebs por kjo e sotmja \u00ebsht\u00eb kulmi. Shihet n\u00eb video sjellja e tyre derisa dora e djatht\u00eb ende po m\u00eb dhemb. Kapja e mikfrofonit nga ana e tij q\u00eb rezultoi edhe me ndaljen e kamer\u00ebs \u00ebsht\u00eb sikurse un\u00eb me I marr\u00eb arm\u00ebn atij. Mos t\u00eb harrojm\u00eb me at\u00eb mikrofon kam raportuar dhe informuar popullin p\u00ebr t\u00eb gjirha t\u00eb mirat dhe t\u00eb kqiat e t\u00eb gjitha qeverisjeve e vitet e fundit m\u00eb s\u00eb shumti nga Mitrovica. Sjellja e sotme ishte p\u00ebr turp. Edhe dicka, I di kompetencat e mia deri ku kam t\u00eb drejt\u00eb dhe nuk I kam tejkaluar ato.<\/p>\n","protected":false},"excerpt":{"rendered":"<p>Sot kryeministri, Albin Kurti s\u00eb bashku me ministrat, Elbert Krasniqi dhe Liburn Aliu, kan\u00eb marr\u00eb&#8230;<\/p>\n","protected":false},"author":1,"featured_media":0,"comment_status":"open","ping_status":"open","sticky":false,"template":"","format":"standard","meta":{"om_disable_all_campaigns":false,"_monsterinsights_skip_tracking":false,"_monsterinsights_sitenote_active":false,"_monsterinsights_sitenote_note":"","_monsterinsights_sitenote_category":0,"_uf_show_specific_survey":0,"_uf_disable_surveys":false,"footnotes":""},"categories":[1],"tags":[],"class_list":["post-6871","post","type-post","status-publish","format-standard","hentry","category-uncategorized"],"aioseo_notices":[],"views":41,"_links":{"self":[{"href":"https:\/\/used82.com\/index.php?rest_route=\/wp\/v2\/posts\/6871","targetHints":{"allow":["GET"]}}],"collection":[{"href":"https:\/\/used82.com\/index.php?rest_route=\/wp\/v2\/posts"}],"about":[{"href":"https:\/\/used82.com\/index.php?rest_route=\/wp\/v2\/types\/post"}],"author":[{"embeddable":true,"href":"https:\/\/used82.com\/index.php?rest_route=\/wp\/v2\/users\/1"}],"replies":[{"embeddable":true,"href":"https:\/\/used82.com\/index.php?rest_route=%2Fwp%2Fv2%2Fcomments&post=6871"}],"version-history":[{"count":0,"href":"https:\/\/used82.com\/index.php?rest_route=\/wp\/v2\/posts\/6871\/revisions"}],"wp:attachment":[{"href":"https:\/\/used82.com\/index.php?rest_route=%2Fwp%2Fv2%2Fmedia&parent=6871"}],"wp:term":[{"taxonomy":"category","embeddable":true,"href":"https:\/\/used82.com\/index.php?rest_route=%2Fwp%2Fv2%2Fcategories&post=6871"},{"taxonomy":"post_tag","embeddable":true,"href":"https:\/\/used82.com\/index.php?rest_route=%2Fwp%2Fv2%2Ftags&post=6871"}],"curies":[{"name":"wp","href":"https:\/\/api.w.org\/{rel}","templated":true}]}}