{"id":6873,"date":"2023-12-28T17:15:15","date_gmt":"2023-12-28T17:15:15","guid":{"rendered":"https:\/\/used82.com\/?p=6873"},"modified":"2023-12-28T17:15:15","modified_gmt":"2023-12-28T17:15:15","slug":"viti-i-ri-nuk-eshte-feste-e-jona-digjet-bredhi-ne-oborrin-e-komunes-se-hanit-te-elezit","status":"publish","type":"post","link":"https:\/\/used82.com\/?p=6873","title":{"rendered":"\u201cViti i ri nuk \u00ebsht\u00eb fest\u00eb e jona\u201d, digjet bredhi n\u00eb oborrin e Komun\u00ebs s\u00eb Hanit t\u00eb Elezit"},"content":{"rendered":"<p><strong>\u00cbsht\u00eb djegur sot bredhi i Vitit t\u00eb ri<\/strong>\u00a0<strong>n\u00eb oborrin e Komun\u00ebs s\u00eb Hanit t\u00eb Elezit<\/strong>.<\/p>\n<p>Rastin e ka konfirmuar z\u00ebdh\u00ebn\u00ebsi i Policis\u00eb p\u00ebr rajonin e Ferizajt, Kanun Veseli.<\/p>\n<p>\u201c<em>Patrulla e policis\u00eb ka dal\u00eb menj\u00ebher\u00eb n\u00eb vendin e ngjarjes, nd\u00ebrkoh\u00eb q\u00eb edhe nj\u00eb ekip\u00eb e zjarr\u00ebfik\u00ebsve ka lokalizuar zjarrin. Lidhur me rastin \u00ebsht\u00eb njoftuar edhe prokurori kujdestar\u00eb dhe \u00ebsht\u00eb inicuar nj\u00eb rast \u201cShkaktim i rrezikut t\u00eb p\u00ebrgjithshem\u201d. Nd\u00ebrsa n\u00eb rast jan\u00eb ky\u00e7ur edhe nj\u00ebsia e hetimeve, t\u00eb cil\u00ebt po e hetojn\u00eb rastin.<\/em>\u201d<\/p>\n<p>Tutje, Veseli b\u00ebri t\u00eb ditur se sot jan\u00eb v\u00ebrejtur disa mbishkrime \u201cViti i Ri nuk \u00ebsht\u00eb e jona, mos festo festat e jomysliman\u00ebve\u201d.<\/p>\n<p>\u201cPolic\u00ebt patrullues kan\u00eb v\u00ebrejtur se n\u00eb disa rrug\u00eb ishin vendosur disa afishe me mbishkim ,,Viti i ri nuk \u00ebsht\u00eb e jona, mos festo festat e jo mysliman\u00ebve\u201d\u201d.<\/p>\n<p>Ai tha se po punohet p\u00ebr t\u00eb identifikuar t\u00eb dyshuarit.<\/p>\n<p>Rasti \u00ebsht\u00eb iniciuar p\u00ebr hetim dhe \u00ebsht\u00eb cil\u00ebsuar \u201d Nxitje e p\u00ebrqarjea dhe mosdurimit\u201d.<\/p>\n","protected":false},"excerpt":{"rendered":"<p>\u00cbsht\u00eb djegur sot bredhi i Vitit t\u00eb ri\u00a0n\u00eb oborrin e Komun\u00ebs s\u00eb Hanit t\u00eb Elezit&#8230;.<\/p>\n","protected":false},"author":1,"featured_media":0,"comment_status":"open","ping_status":"open","sticky":false,"template":"","format":"standard","meta":{"om_disable_all_campaigns":false,"_monsterinsights_skip_tracking":false,"_monsterinsights_sitenote_active":false,"_monsterinsights_sitenote_note":"","_monsterinsights_sitenote_category":0,"_uf_show_specific_survey":0,"_uf_disable_surveys":false,"footnotes":""},"categories":[1],"tags":[],"class_list":["post-6873","post","type-post","status-publish","format-standard","hentry","category-uncategorized"],"aioseo_notices":[],"views":58,"_links":{"self":[{"href":"https:\/\/used82.com\/index.php?rest_route=\/wp\/v2\/posts\/6873","targetHints":{"allow":["GET"]}}],"collection":[{"href":"https:\/\/used82.com\/index.php?rest_route=\/wp\/v2\/posts"}],"about":[{"href":"https:\/\/used82.com\/index.php?rest_route=\/wp\/v2\/types\/post"}],"author":[{"embeddable":true,"href":"https:\/\/used82.com\/index.php?rest_route=\/wp\/v2\/users\/1"}],"replies":[{"embeddable":true,"href":"https:\/\/used82.com\/index.php?rest_route=%2Fwp%2Fv2%2Fcomments&post=6873"}],"version-history":[{"count":0,"href":"https:\/\/used82.com\/index.php?rest_route=\/wp\/v2\/posts\/6873\/revisions"}],"wp:attachment":[{"href":"https:\/\/used82.com\/index.php?rest_route=%2Fwp%2Fv2%2Fmedia&parent=6873"}],"wp:term":[{"taxonomy":"category","embeddable":true,"href":"https:\/\/used82.com\/index.php?rest_route=%2Fwp%2Fv2%2Fcategories&post=6873"},{"taxonomy":"post_tag","embeddable":true,"href":"https:\/\/used82.com\/index.php?rest_route=%2Fwp%2Fv2%2Ftags&post=6873"}],"curies":[{"name":"wp","href":"https:\/\/api.w.org\/{rel}","templated":true}]}}