{"id":6875,"date":"2023-12-28T17:18:19","date_gmt":"2023-12-28T17:18:19","guid":{"rendered":"https:\/\/used82.com\/?p=6875"},"modified":"2023-12-28T17:18:19","modified_gmt":"2023-12-28T17:18:19","slug":"kurti-pret-perfundimin-e-ezanit-per-te-prere-shirtin-ne-nje-ngjarje-video","status":"publish","type":"post","link":"https:\/\/used82.com\/?p=6875","title":{"rendered":"Kurti pret p\u00ebrfundimin e ezanit p\u00ebr t\u00eb prer\u00eb shirtin n\u00eb nj\u00eb ngjarje (VIDEO)"},"content":{"rendered":"<p>Kryeministri i Kosov\u00ebs, Albin Kurti, bashk\u00eb me ministrat Elbert Krasniqi dhe Liburn Aliu si dhe kryeshefin Ekzekutiv t\u00eb KRU \u201cPrishtina\u201d, Arsim Fetahu po marrin pjes\u00eb n\u00eb p\u00ebrurimin e fillimit t\u00eb pun\u00ebs p\u00ebr rregullimi e rrjetit t\u00eb uj\u00ebsjell\u00ebsit n\u00eb Komun\u00ebn e Fush\u00eb-Kosov\u00ebs.<\/p>\n<p>Vizita \u00ebsht\u00eb duke u realizuar n\u00eb fshatin Bardh i Madh ku do t\u00eb b\u00ebhet inaugurimi i pjes\u00ebs s\u00eb par\u00eb t\u00eb k\u00ebtij projekti nd\u00ebrsa pjesa tjet\u00ebr do t\u00eb p\u00ebrurohet n\u00eb \u201cLagjen 29\u201d n\u00eb Fush\u00eb Kosov\u00eb.<\/p>\n<p>Por, edhe pse 30 minuta me vones\u00eb n\u00eb ngjarje, Kurti s\u00ebrish ka pritur p\u00ebrfundimin e ezanit p\u00ebr t\u00eb prer\u00eb shiritin e uj\u00ebsjell\u00ebsit n\u00eb Bardh t\u00eb Madh.<\/p>\n<figure class=\"wp-block-embed is-type-rich is-provider-embed-handler wp-block-embed-embed-handler wp-embed-aspect-16-9 wp-has-aspect-ratio\">\n<div class=\"wp-block-embed__wrapper\"><iframe loading=\"lazy\" title=\"Kurti pret p\u00ebrfundimin e ezanit p\u00ebr t\u00eb prer\u00eb shiritin e p\u00ebrurimit t\u00eb uj\u00ebsjell\u00ebsit n\u00eb Bardh t\u00eb Madh\" src=\"https:\/\/www.youtube.com\/embed\/wWACQdQu0Aw?feature=oembed\" width=\"640\" height=\"360\" frameborder=\"0\" allowfullscreen=\"allowfullscreen\" data-mce-fragment=\"1\"><\/iframe><\/div>\n<\/figure>\n","protected":false},"excerpt":{"rendered":"<p>Kryeministri i Kosov\u00ebs, Albin Kurti, bashk\u00eb me ministrat Elbert Krasniqi dhe Liburn Aliu si dhe&#8230;<\/p>\n","protected":false},"author":1,"featured_media":0,"comment_status":"open","ping_status":"open","sticky":false,"template":"","format":"standard","meta":{"om_disable_all_campaigns":false,"_monsterinsights_skip_tracking":false,"_monsterinsights_sitenote_active":false,"_monsterinsights_sitenote_note":"","_monsterinsights_sitenote_category":0,"_uf_show_specific_survey":0,"_uf_disable_surveys":false,"footnotes":""},"categories":[1],"tags":[],"class_list":["post-6875","post","type-post","status-publish","format-standard","hentry","category-uncategorized"],"aioseo_notices":[],"views":43,"_links":{"self":[{"href":"https:\/\/used82.com\/index.php?rest_route=\/wp\/v2\/posts\/6875","targetHints":{"allow":["GET"]}}],"collection":[{"href":"https:\/\/used82.com\/index.php?rest_route=\/wp\/v2\/posts"}],"about":[{"href":"https:\/\/used82.com\/index.php?rest_route=\/wp\/v2\/types\/post"}],"author":[{"embeddable":true,"href":"https:\/\/used82.com\/index.php?rest_route=\/wp\/v2\/users\/1"}],"replies":[{"embeddable":true,"href":"https:\/\/used82.com\/index.php?rest_route=%2Fwp%2Fv2%2Fcomments&post=6875"}],"version-history":[{"count":0,"href":"https:\/\/used82.com\/index.php?rest_route=\/wp\/v2\/posts\/6875\/revisions"}],"wp:attachment":[{"href":"https:\/\/used82.com\/index.php?rest_route=%2Fwp%2Fv2%2Fmedia&parent=6875"}],"wp:term":[{"taxonomy":"category","embeddable":true,"href":"https:\/\/used82.com\/index.php?rest_route=%2Fwp%2Fv2%2Fcategories&post=6875"},{"taxonomy":"post_tag","embeddable":true,"href":"https:\/\/used82.com\/index.php?rest_route=%2Fwp%2Fv2%2Ftags&post=6875"}],"curies":[{"name":"wp","href":"https:\/\/api.w.org\/{rel}","templated":true}]}}