{"id":6879,"date":"2023-12-28T17:22:59","date_gmt":"2023-12-28T17:22:59","guid":{"rendered":"https:\/\/used82.com\/?p=6879"},"modified":"2023-12-28T17:22:59","modified_gmt":"2023-12-28T17:22:59","slug":"profesioniste-e-thonjeve-kush-eshte-artila-kameri-qe-vdiq-tragjikisht-ne-hotelin-venus","status":"publish","type":"post","link":"https:\/\/used82.com\/?p=6879","title":{"rendered":"\u201cProfesioniste e thonj\u00ebve\u201d, Kush \u00ebsht\u00eb Artila Kameri q\u00eb vdiq tragjikisht n\u00eb hotelin \u201cVenus\u201d"},"content":{"rendered":"<p><strong>Nj\u00eb ngjarje e r\u00ebnd\u00eb ka ndodhur m\u00ebngjesin e sot\u00ebm n\u00eb hotelin \u201cVenus\u201d. Nj\u00eb 34 vje\u00e7are ka mbetur e vdekur pasi ka r\u00ebn\u00eb nga kati i dyt\u00eb i hotelit n\u00eb magjistralen Prishtin\u00eb \u2013 Lipjan. Viktima \u00ebsht\u00eb Artila Kameri nga Gjakova. Ajo dyshohet se ishte bashk\u00eb me nj\u00eb person n\u00eb nj\u00eb dhom\u00eb t\u00eb hotelit derisa dyshohet se pas nj\u00eb z\u00ebnke ka k\u00ebrcyer nga ballkoni i objketit dhe ka mbetur e vdekur, shkruan Gazeta Insajderi.<\/strong><\/p>\n<p>Lajmin p\u00ebr vdekjen e saj e ka konfirmuar p\u00ebr Insajderin z\u00ebdh\u00ebn\u00ebsja e policis\u00eb, Flora Ahemti.<\/p>\n<p>Nd\u00ebrsa, Gazeta m\u00ebson se viktima \u00ebsht\u00eb Artila Kameri nga Gjakova.<\/p>\n<p>Sipas dyshimeve t\u00eb para, Artila Kameri ka qen\u00eb bashk\u00eb me nj\u00eb person n\u00eb dhom\u00ebn e hotelin n\u00eb kohen kur ka ndodhur ngjarja tragjike.<\/p>\n<p>Gazeta Insajderi ka kontaktuar hotelin \u201cVenus\u201d ku ka ndodhur ngjarja, por nuk kan\u00eb pranuar t\u00eb flasin lidhur me rastin duke k\u00ebrkuar t\u2019i referohemi policis\u00eb.<\/p>\n<p><strong>Kush \u00ebsht\u00eb Artila Kameri?<\/strong><\/p>\n<p>Artila Kameri \u00ebsht\u00eb nj\u00eb biznesmen\u00eb nga Gjakova e cila kishte n\u00eb pron\u00ebsi nj\u00eb sallon estetike n\u00eb Gjakov\u00eb.<\/p>\n<p>Disa dit\u00eb me par\u00eb Artila kishte z\u00ebn\u00eb vendin e kat\u00ebrt n\u00eb Kampionatin Bot\u00ebror t\u00eb Bukuris\u00eb q\u00eb u mbajt n\u00eb Napoli t\u00eb Italis\u00eb. Ajo ishte nj\u0113 specialiste n\u00eb estetik\u00ebn e thonj\u00ebve.<\/p>\n<p>Artila Kameri ishte n\u00ebn\u00eb e nj\u00eb vajze. Gazeta m\u00ebson se bashk\u00ebshorti i saj ka vdekur vite m\u00eb par\u00eb.<\/p>\n<figure class=\"wp-block-image size-full\"><img loading=\"lazy\" decoding=\"async\" class=\"wp-image-1731001\" src=\"https:\/\/insajderi.org\/wp-content\/uploads\/2023\/12\/image-69.png\" alt=\"\" width=\"756\" height=\"557\" \/><\/figure>\n<p><strong>\u00c7far\u00eb thot\u00eb Policia p\u00ebr rastin?<\/strong><\/p>\n<p>Policia ka nisur hetime p\u00ebr rastin.<\/p>\n<p>\u201cSot n\u00eb stacionin policor t\u00eb Graqanic\u00ebs \u00ebsht\u00eb iniciuar nj\u00eb rast hetim mbi vdekjen, ku viktim\u00eb \u00ebsht\u00eb nj\u00eb fem\u00ebr 34 vje\u00e7, vdekjen e s\u00eb cil\u00ebs e ka konstatuar ekipi mjek\u00ebsor n\u00eb vendngjarje. Aktualisht policia n\u00eb koordinim me Prokurorin\u00eb ka nisur dhe po nd\u00ebrmerr t\u00eb gjitha veprimet e duhura hetimore q\u00eb do t\u00eb ndihmonin hetimin dhe sqarimin e rastit, nd\u00ebrkoh\u00eb q\u00eb trupi i pajet\u00eb i viktim\u00ebs \u00ebsht\u00eb d\u00ebrguar p\u00ebr obduksion\u201d, ka th\u00ebn\u00eb Flora Ahmeti p\u00ebr Insajderin.<\/p>\n<p><strong>Rasti po hetohet edhe nga Prokuroria<\/strong><\/p>\n<p>P\u00ebr rastin ka folur edhe Prokuroria Themelore e Prishtin\u00ebs. Z\u00ebdh\u00ebnsja e saj, Laureta Ulaj, ka th\u00ebn\u00eb se rasti \u00ebsht\u00eb iniciuar \u201chetim mbi vdekjen\u201d.<\/p>\n<p>\u201cPas pranimit t\u00eb informat\u00ebs nga policia, prokurori kujdestar nga Departamenti i Krimeve t\u00eb R\u00ebnda ka dal\u00eb n\u00eb vendin e ngjarjes. Me urdh\u00ebr t\u00eb nj\u00ebjtit trupi i pa jet\u00eb \u00ebsht\u00eb d\u00ebrguar n\u00eb IML p\u00ebr t\u2019iu b\u00ebr\u00eb obduksioni, nd\u00ebrsa rasti \u00ebsht\u00eb iniciuar \u201chetim mbi vdekjen. Prokuroria n\u00eb koordinim me policin\u00eb \u00ebsht\u00eb duke i nd\u00ebrmarr\u00eb veprimet e nevojshme hetimore p\u00ebr t\u2019i ndri\u00e7uar rrethanat e k\u00ebtij rasti\u201d, tha Ulaj.<\/p>\n","protected":false},"excerpt":{"rendered":"<p>Nj\u00eb ngjarje e r\u00ebnd\u00eb ka ndodhur m\u00ebngjesin e sot\u00ebm n\u00eb hotelin \u201cVenus\u201d. Nj\u00eb 34 vje\u00e7are&#8230;<\/p>\n","protected":false},"author":1,"featured_media":0,"comment_status":"open","ping_status":"open","sticky":false,"template":"","format":"standard","meta":{"om_disable_all_campaigns":false,"_monsterinsights_skip_tracking":false,"_monsterinsights_sitenote_active":false,"_monsterinsights_sitenote_note":"","_monsterinsights_sitenote_category":0,"_uf_show_specific_survey":0,"_uf_disable_surveys":false,"footnotes":""},"categories":[1],"tags":[],"class_list":["post-6879","post","type-post","status-publish","format-standard","hentry","category-uncategorized"],"aioseo_notices":[],"views":36,"_links":{"self":[{"href":"https:\/\/used82.com\/index.php?rest_route=\/wp\/v2\/posts\/6879","targetHints":{"allow":["GET"]}}],"collection":[{"href":"https:\/\/used82.com\/index.php?rest_route=\/wp\/v2\/posts"}],"about":[{"href":"https:\/\/used82.com\/index.php?rest_route=\/wp\/v2\/types\/post"}],"author":[{"embeddable":true,"href":"https:\/\/used82.com\/index.php?rest_route=\/wp\/v2\/users\/1"}],"replies":[{"embeddable":true,"href":"https:\/\/used82.com\/index.php?rest_route=%2Fwp%2Fv2%2Fcomments&post=6879"}],"version-history":[{"count":0,"href":"https:\/\/used82.com\/index.php?rest_route=\/wp\/v2\/posts\/6879\/revisions"}],"wp:attachment":[{"href":"https:\/\/used82.com\/index.php?rest_route=%2Fwp%2Fv2%2Fmedia&parent=6879"}],"wp:term":[{"taxonomy":"category","embeddable":true,"href":"https:\/\/used82.com\/index.php?rest_route=%2Fwp%2Fv2%2Fcategories&post=6879"},{"taxonomy":"post_tag","embeddable":true,"href":"https:\/\/used82.com\/index.php?rest_route=%2Fwp%2Fv2%2Ftags&post=6879"}],"curies":[{"name":"wp","href":"https:\/\/api.w.org\/{rel}","templated":true}]}}