{"id":6883,"date":"2023-12-28T18:13:47","date_gmt":"2023-12-28T18:13:47","guid":{"rendered":"https:\/\/used82.com\/?p=6883"},"modified":"2023-12-28T18:13:47","modified_gmt":"2023-12-28T18:13:47","slug":"e-turpshme-fero-i-gezohet-vdekjes-se-arton-turkajt-urime-vdekjen-gazetar-kalo-mire-sonte-ne-varr","status":"publish","type":"post","link":"https:\/\/used82.com\/?p=6883","title":{"rendered":"E turpshme, Fero i g\u00ebzohet vdekjes s\u00eb Arton Turkajt: Urime vdekjen gazetar, kalo mir\u00eb sonte n\u00eb varr"},"content":{"rendered":"<article id=\"post-15299\" class=\"post-15299 post type-post status-publish format-standard has-post-thumbnail hentry category-show\">\n<div class=\"entry-content mh-clearfix\">\n<p>Valles s\u00eb komenteve negative ndaj Arton Turkajt, gazetar, i cili nd\u00ebrroi jet\u00eb sot, i ka hyr\u00eb edhe Ferdonit Shabani, ish-k\u00ebng\u00ebtari Fero.<\/p>\n<p>Ish-k\u00ebng\u00ebtari Fero, q\u00eb e ndryshoi emrin n\u00eb Khattab, pas kthimi n\u00eb fen\u00eb islame, i \u00ebsht\u00eb g\u00ebzuar vdekjes s\u00eb Turkajt.<\/p>\n<p>Fero ka \u201curuar\u201d vdekjen e Turkajt.<\/p>\n<p><img loading=\"lazy\" decoding=\"async\" class=\"alignnone size-full wp-image-56937\" src=\"https:\/\/reneba-r.ch\/wp\/wp-content\/uploads\/2023\/12\/1-205.jpg\" sizes=\"auto, (max-width: 998px) 100vw, 998px\" srcset=\"https:\/\/reneba-r.ch\/wp\/wp-content\/uploads\/2023\/12\/1-205.jpg 998w, https:\/\/reneba-r.ch\/wp\/wp-content\/uploads\/2023\/12\/1-205-172x300.jpg 172w, https:\/\/reneba-r.ch\/wp\/wp-content\/uploads\/2023\/12\/1-205-589x1024.jpg 589w, https:\/\/reneba-r.ch\/wp\/wp-content\/uploads\/2023\/12\/1-205-768x1336.jpg 768w, https:\/\/reneba-r.ch\/wp\/wp-content\/uploads\/2023\/12\/1-205-883x1536.jpg 883w, https:\/\/reneba-r.ch\/wp\/wp-content\/uploads\/2023\/12\/1-205-750x1305.jpg 750w\" alt=\"\" width=\"998\" height=\"1736\" data-pin-no-hover=\"true\" \/><\/p>\n<\/div>\n<\/article>\n","protected":false},"excerpt":{"rendered":"<p>Valles s\u00eb komenteve negative ndaj Arton Turkajt, gazetar, i cili nd\u00ebrroi jet\u00eb sot, i ka&#8230;<\/p>\n","protected":false},"author":1,"featured_media":0,"comment_status":"open","ping_status":"open","sticky":false,"template":"","format":"standard","meta":{"om_disable_all_campaigns":false,"_monsterinsights_skip_tracking":false,"_monsterinsights_sitenote_active":false,"_monsterinsights_sitenote_note":"","_monsterinsights_sitenote_category":0,"_uf_show_specific_survey":0,"_uf_disable_surveys":false,"footnotes":""},"categories":[1],"tags":[],"class_list":["post-6883","post","type-post","status-publish","format-standard","hentry","category-uncategorized"],"aioseo_notices":[],"views":34,"_links":{"self":[{"href":"https:\/\/used82.com\/index.php?rest_route=\/wp\/v2\/posts\/6883","targetHints":{"allow":["GET"]}}],"collection":[{"href":"https:\/\/used82.com\/index.php?rest_route=\/wp\/v2\/posts"}],"about":[{"href":"https:\/\/used82.com\/index.php?rest_route=\/wp\/v2\/types\/post"}],"author":[{"embeddable":true,"href":"https:\/\/used82.com\/index.php?rest_route=\/wp\/v2\/users\/1"}],"replies":[{"embeddable":true,"href":"https:\/\/used82.com\/index.php?rest_route=%2Fwp%2Fv2%2Fcomments&post=6883"}],"version-history":[{"count":0,"href":"https:\/\/used82.com\/index.php?rest_route=\/wp\/v2\/posts\/6883\/revisions"}],"wp:attachment":[{"href":"https:\/\/used82.com\/index.php?rest_route=%2Fwp%2Fv2%2Fmedia&parent=6883"}],"wp:term":[{"taxonomy":"category","embeddable":true,"href":"https:\/\/used82.com\/index.php?rest_route=%2Fwp%2Fv2%2Fcategories&post=6883"},{"taxonomy":"post_tag","embeddable":true,"href":"https:\/\/used82.com\/index.php?rest_route=%2Fwp%2Fv2%2Ftags&post=6883"}],"curies":[{"name":"wp","href":"https:\/\/api.w.org\/{rel}","templated":true}]}}