{"id":6893,"date":"2023-12-28T18:27:05","date_gmt":"2023-12-28T18:27:05","guid":{"rendered":"https:\/\/used82.com\/?p=6893"},"modified":"2023-12-28T18:27:05","modified_gmt":"2023-12-28T18:27:05","slug":"e-trishte-konkurronte-ne-eurovizion-per-izraelin-kengetari-vdes-ne-lufte","status":"publish","type":"post","link":"https:\/\/used82.com\/?p=6893","title":{"rendered":"E trisht\u00eb\/ Konkurronte n\u00eb Eurovizion p\u00ebr Izraelin, k\u00ebng\u00ebtari vdes n\u00eb luft\u00eb"},"content":{"rendered":"<p>Nj\u00eb k\u00ebng\u00ebtar izraelit ka humbur jet\u00ebn n\u00eb Rripin e Gaz\u00ebs, vet\u00ebm disa jav\u00eb pasi konkurroi n\u00eb audicionin p\u00ebr t\u2019u zgjedhur n\u00eb \u201cEurovision Song Contest\u201d.<\/p>\n<div class=\"code-block code-block-1\">\n<p>Shaul Greenglick, 26 vje\u00e7, performoi n\u00eb serialin televiziv izraelit Rising Star m\u00eb 3 dhjetor, nd\u00ebrsa ishte n\u00eb pushim nga mobilizimi i tij n\u00eb luft\u00ebn kund\u00ebr Hamasit.<\/p>\n<p>I veshur me veshjet e ushtris\u00eb dhe vijat e togerit, ai k\u00ebndoi nj\u00eb balad\u00eb popullore, ku mori drit\u00ebn jeshile p\u00ebr raundin tjet\u00ebr n\u00eb procesin e p\u00ebrzgjedhjes.<\/p>\n<div class=\"td-post-content tagdiv-type\">\n<p>Pasi u b\u00eb publike vdekja e Greenglick n\u00eb p\u00ebrleshjet e Gaz\u00ebs veriore t\u00eb mart\u00ebn, Keren Peles tha se ai ishte larguar nga shfaqja p\u00ebr shkak t\u00eb detyrave t\u00eb tij n\u00eb rezervat e k\u00ebmb\u00ebsoris\u00eb.<\/p>\n<\/div>\n<\/div>\n","protected":false},"excerpt":{"rendered":"<p>Nj\u00eb k\u00ebng\u00ebtar izraelit ka humbur jet\u00ebn n\u00eb Rripin e Gaz\u00ebs, vet\u00ebm disa jav\u00eb pasi konkurroi&#8230;<\/p>\n","protected":false},"author":1,"featured_media":0,"comment_status":"open","ping_status":"open","sticky":false,"template":"","format":"standard","meta":{"om_disable_all_campaigns":false,"_monsterinsights_skip_tracking":false,"_monsterinsights_sitenote_active":false,"_monsterinsights_sitenote_note":"","_monsterinsights_sitenote_category":0,"_uf_show_specific_survey":0,"_uf_disable_surveys":false,"footnotes":""},"categories":[1],"tags":[],"class_list":["post-6893","post","type-post","status-publish","format-standard","hentry","category-uncategorized"],"aioseo_notices":[],"views":45,"_links":{"self":[{"href":"https:\/\/used82.com\/index.php?rest_route=\/wp\/v2\/posts\/6893","targetHints":{"allow":["GET"]}}],"collection":[{"href":"https:\/\/used82.com\/index.php?rest_route=\/wp\/v2\/posts"}],"about":[{"href":"https:\/\/used82.com\/index.php?rest_route=\/wp\/v2\/types\/post"}],"author":[{"embeddable":true,"href":"https:\/\/used82.com\/index.php?rest_route=\/wp\/v2\/users\/1"}],"replies":[{"embeddable":true,"href":"https:\/\/used82.com\/index.php?rest_route=%2Fwp%2Fv2%2Fcomments&post=6893"}],"version-history":[{"count":0,"href":"https:\/\/used82.com\/index.php?rest_route=\/wp\/v2\/posts\/6893\/revisions"}],"wp:attachment":[{"href":"https:\/\/used82.com\/index.php?rest_route=%2Fwp%2Fv2%2Fmedia&parent=6893"}],"wp:term":[{"taxonomy":"category","embeddable":true,"href":"https:\/\/used82.com\/index.php?rest_route=%2Fwp%2Fv2%2Fcategories&post=6893"},{"taxonomy":"post_tag","embeddable":true,"href":"https:\/\/used82.com\/index.php?rest_route=%2Fwp%2Fv2%2Ftags&post=6893"}],"curies":[{"name":"wp","href":"https:\/\/api.w.org\/{rel}","templated":true}]}}