{"id":6897,"date":"2023-12-29T07:45:01","date_gmt":"2023-12-29T07:45:01","guid":{"rendered":"https:\/\/used82.com\/?p=6897"},"modified":"2023-12-29T07:45:01","modified_gmt":"2023-12-29T07:45:01","slug":"populli-vuan-nga-faturat-e-rrymes-pushteti-mbyll-vitin-me-tubim-festiv","status":"publish","type":"post","link":"https:\/\/used82.com\/?p=6897","title":{"rendered":"Populli vuan nga faturat e rrym\u00ebs, pushteti mbyll vitin me tubim festiv"},"content":{"rendered":"<p><em><b>N\u00eb prag t\u00eb festave t\u00eb fundvitit qytetar\u00ebt \u2018mor\u00ebn\u2019 nj\u00eb goditje, faturat e rrym\u00ebs i erdh\u00ebn me dyfishim dhe me dallim t\u00eb madh nga muajt e kaluar. Qytetar\u00eb t\u00eb shumt\u00eb t\u00eb pashpres\u00eb kan\u00eb publikuar faturat e tyre gjithandej n\u00eb rrjete sociale, teksa thonin se shuma q\u00eb i erdhi \u00ebsht\u00eb e\u00a0<\/b><\/em><strong><em>pap\u00ebrballueshme p\u00ebr ta. Por, p\u00ebrkund\u00ebr k\u00ebsaj, \u2018pushtetar\u00ebt\u2019 jan\u00eb duke festuar.<\/em><\/strong><\/p>\n<p>Ministja e Drejt\u00ebsis\u00eb, Albulena Haxhiu ka publikuar disa fotografi n\u00eb profilin e saj n\u00eb \u201cFacebook\u201d.<\/p>\n<p>Qeveria ka p\u00ebrmbyllur vitin me nj\u00eb tubim festiv.<\/p>\n<p>\u201c<em>Vitin 2023 e mbyll\u00ebm me nj\u00eb tubim festiv s\u00eb bashku me aktivist\u00eb, miq e bashk\u00ebpun\u00ebtor\u00eb t\u00eb L\u00ebvizjes, me besimin q\u00eb n\u00eb vitin 2024 t\u00eb p\u00ebrqafojm\u00eb edhe m\u00eb shum\u00eb iden\u00eb ton\u00eb drejt nj\u00eb shoq\u00ebrie m\u00eb t\u00eb barabart\u00eb dhe m\u00eb t\u00eb drejt\u00eb. Sonte festuam s\u00eb bashku p\u00ebr secil\u00ebn pun\u00eb t\u00eb mir\u00eb dhe u zotuam q\u00eb do t\u00eb angazhohemi tutje edhe p\u00ebr shum\u00eb pun\u00eb q\u00eb na presin<\/em>\u201c, shkroi ajo.<\/p>\n<figure class=\"wp-block-image size-full\"><img loading=\"lazy\" decoding=\"async\" class=\"wp-image-1731482\" src=\"https:\/\/insajderi.org\/wp-content\/uploads\/2023\/12\/414753315_24318364321141030_5756155933845604806_n.jpg\" sizes=\"auto, (max-width: 2048px) 100vw, 2048px\" srcset=\"https:\/\/insajderi.org\/wp-content\/uploads\/2023\/12\/414753315_24318364321141030_5756155933845604806_n.jpg 2048w, https:\/\/insajderi.org\/wp-content\/uploads\/2023\/12\/414753315_24318364321141030_5756155933845604806_n-768x432.jpg 768w, https:\/\/insajderi.org\/wp-content\/uploads\/2023\/12\/414753315_24318364321141030_5756155933845604806_n-1536x864.jpg 1536w\" alt=\"\" width=\"2048\" height=\"1152\" \/><\/figure>\n<p>I pari Qeveris\u00eb q\u00eb dikur b\u00ebnte thirrje p\u00ebr protesta lidhur me faturat e asaj kohe, k\u00ebt\u00eb her\u00eb ka zgjedhur q\u00eb t\u00eb festoj p\u00ebrderisa qytetar\u00ebt po \u2018vuajn\u00eb\u2019.<\/p>\n<p>Madje ai ka th\u00ebn\u00eb se adresat e vetme p\u00ebr ankesa jan\u00eb<em>\u00a0KESCO dhe ZRrE.<\/em><\/p>\n<p>Sipas Kurtit, kur ka konsum m\u00eb t\u00eb lart\u00eb t\u00eb energjis\u00eb elektrike<em>\u00a0\u201cnatyrisht se ka edhe fatur\u00eb m\u00eb t\u00eb lart\u00eb\u201d.<\/em><\/p>\n<p><em>\u201cN\u00ebse ka fatura t\u00eb fryera, KESCO dhe ZRrE jan\u00eb adresa t\u00eb cilat duhet t\u2019i adresojn\u00eb me seriozitet edhe me shpejt\u00ebsi t\u00eb gjitha ankesat, mir\u00ebpo nuk ka shtrenjtim t\u00eb energjis\u00eb elektrike. Kur ka konsum m\u00eb t\u00eb lart\u00eb natyrisht se ka edhe fatur\u00eb m\u00eb t\u00eb lart\u00eb. Shtrenjtim t\u00eb energjis\u00eb elektrike nuk ka\u201d.<\/em><\/p>\n<p><em>\u201cNe i kemi subvencionuar, kemi ndihmuar edhe sa i p\u00ebrket pajisjeve efi\u00e7iente p\u00ebr amvis\u00ebri edhe p\u00ebr bizneset n\u00eb vazhdim\u00ebsi po p\u00ebrpiqemi maksimalisht me ministren Ekonomis\u00eb, Artane Rizvanolli q\u00eb t\u00eb ken\u00eb furnizim t\u00eb q\u00ebndruesh\u00ebm edhe \u00e7mime t\u00eb p\u00ebrballueshme, por shtrenjtim t\u00eb energjis\u00eb nuk ka\u201d.<\/em><\/p>\n<p><em>\u201cN\u00ebse ka konsum m\u00eb t\u00eb lart\u00eb vjen fatura m\u00eb e lart\u00eb dhe natyrisht se ju e dini q\u00eb ata q\u00eb kan\u00eb kursyer i keni shp\u00ebrblyer dhe tash kan\u00eb pajisje efi\u00e7iente me mij\u00ebra familje, andaj kush ka dyshime se ju ka fry fatura, KESCO dhe ZRrE \u00ebsht\u00eb adresa\u201d, u shpreh Kurti.<\/em><\/p>\n<p>Nd\u00ebrkoh\u00eb q\u00eb n\u00eb 2015 b\u00ebnte thirrje p\u00ebr protesta, tani si kryeminist\u00ebr i vendit, Albin Kurti pati nj\u00eb tjet\u00ebr sugjerim p\u00ebr qytetar\u00ebt q\u00eb u ankuan p\u00ebr fatura t\u00eb larta.<\/p>\n","protected":false},"excerpt":{"rendered":"<p>N\u00eb prag t\u00eb festave t\u00eb fundvitit qytetar\u00ebt \u2018mor\u00ebn\u2019 nj\u00eb goditje, faturat e rrym\u00ebs i erdh\u00ebn&#8230;<\/p>\n","protected":false},"author":1,"featured_media":0,"comment_status":"open","ping_status":"open","sticky":false,"template":"","format":"standard","meta":{"om_disable_all_campaigns":false,"_monsterinsights_skip_tracking":false,"_monsterinsights_sitenote_active":false,"_monsterinsights_sitenote_note":"","_monsterinsights_sitenote_category":0,"_uf_show_specific_survey":0,"_uf_disable_surveys":false,"footnotes":""},"categories":[1],"tags":[],"class_list":["post-6897","post","type-post","status-publish","format-standard","hentry","category-uncategorized"],"aioseo_notices":[],"views":44,"_links":{"self":[{"href":"https:\/\/used82.com\/index.php?rest_route=\/wp\/v2\/posts\/6897","targetHints":{"allow":["GET"]}}],"collection":[{"href":"https:\/\/used82.com\/index.php?rest_route=\/wp\/v2\/posts"}],"about":[{"href":"https:\/\/used82.com\/index.php?rest_route=\/wp\/v2\/types\/post"}],"author":[{"embeddable":true,"href":"https:\/\/used82.com\/index.php?rest_route=\/wp\/v2\/users\/1"}],"replies":[{"embeddable":true,"href":"https:\/\/used82.com\/index.php?rest_route=%2Fwp%2Fv2%2Fcomments&post=6897"}],"version-history":[{"count":0,"href":"https:\/\/used82.com\/index.php?rest_route=\/wp\/v2\/posts\/6897\/revisions"}],"wp:attachment":[{"href":"https:\/\/used82.com\/index.php?rest_route=%2Fwp%2Fv2%2Fmedia&parent=6897"}],"wp:term":[{"taxonomy":"category","embeddable":true,"href":"https:\/\/used82.com\/index.php?rest_route=%2Fwp%2Fv2%2Fcategories&post=6897"},{"taxonomy":"post_tag","embeddable":true,"href":"https:\/\/used82.com\/index.php?rest_route=%2Fwp%2Fv2%2Ftags&post=6897"}],"curies":[{"name":"wp","href":"https:\/\/api.w.org\/{rel}","templated":true}]}}