{"id":6899,"date":"2023-12-29T07:48:03","date_gmt":"2023-12-29T07:48:03","guid":{"rendered":"https:\/\/used82.com\/?p=6899"},"modified":"2023-12-29T07:48:03","modified_gmt":"2023-12-29T07:48:03","slug":"nuk-eshte-duke-u-paralajmeruar-lufte-ne-kosove-por-marrim-masa-parandaluese","status":"publish","type":"post","link":"https:\/\/used82.com\/?p=6899","title":{"rendered":"\u201cNuk \u00ebsht\u00eb duke u paralajm\u00ebruar luft\u00eb n\u00eb Kosov\u00eb, por marrim masa parandaluese\u201d"},"content":{"rendered":"<p><strong>Presidentja e Kosov\u00ebs Vjosa Osmani deklaroi se nuk \u00ebsht\u00eb duke u paralajm\u00ebruar luft\u00eb n\u00eb Kosov\u00eb.<\/strong><\/p>\n<p>Osmani thot\u00eb se po diskutohet p\u00ebr situat\u00ebn e siguris\u00eb p\u00ebr arsye q\u00eb partner\u00ebt nd\u00ebrkomb\u00ebtar\u00eb t\u2019i marrin m\u00eb seriozisht situat\u00ebn ku gjendet Kosova, e cila sipas Presidentes Osmani nuk \u00ebsht\u00eb n\u00eb pozicionin q\u00eb do t\u00eb mbrohet e jo t\u00eb nis\u00eb luft\u00eb.<\/p>\n<p><em>\u201cN\u00eb m\u00ebnyr\u00eb q\u00eb t\u00eb b\u00ebhen t\u00eb gjitha p\u00ebrgatitjet e n\u00eb m\u00ebnyr\u00eb q\u00eb partner\u00ebt tan\u00eb nd\u00ebrkomb\u00ebtar brenda Bashkimit Evropian e m\u00eb gjer\u00eb t\u2019i marrin shum\u00eb m\u00eb seriozisht situat\u00ebn n\u00eb t\u00eb cil\u00ebn gjendemi shpeshher\u00eb ne detyrohemi q\u00eb t\u00eb tregojm\u00eb edhe publikisht disa prej informatave t\u00eb cilat jan\u00eb mbledhur dhe jan\u00eb konfirmuar prej institucioneve tona t\u00eb siguris\u00eb, sa i p\u00ebrket nj\u00eb aspekti, kjo \u00ebsht\u00eb p\u00ebrgatitja e Serbis\u00eb, nuk ka t\u00eb b\u00ebj\u00eb me ne, pra nuk \u00ebsht\u00eb q\u00eb ne po kontribuojm\u00eb p\u00ebr p\u00ebrshkall\u00ebzim, \u00ebsht\u00eb Serbia po p\u00ebrgatitet vet\u00ebm p\u00ebr skenar\u00eb t\u00eb k\u00ebqij sepse ata mendojn\u00eb se \u00ebsht\u00eb n\u00eb interes t\u00eb tyre t\u00eb destabilizohet gjith\u00eb rajoni, k\u00ebshtu q\u00eb \u00ebsht\u00eb nj\u00eb detyr\u00eb e jona q\u00eb n\u00eb m\u00ebnyr\u00eb q\u00eb t\u00eb ngrit\u00ebt p\u00ebrgatitja p\u00ebr parandalimin e sulmeve t\u00eb tilla q\u00eb shpeshher\u00eb t\u00eb tregojm\u00eb se cila \u00ebsht\u00eb situata n\u00eb realitet n\u00eb m\u00ebnyr\u00eb q\u00eb t\u00eb gjith\u00eb ta rrisim nivelin e p\u00ebrgatitjeve p\u00ebrfshir\u00eb edhe partner\u00ebt q\u00eb na ndihmojn\u00eb n\u00eb k\u00ebt\u00eb drejtim, pra \u00ebsht\u00eb mas\u00eb parandaluese \u201c,\u00a0<\/em>tha Osmani n\u00eb \u201cClick\u201d, duke shtuar se paralajm\u00ebrimet kan\u00eb p\u00ebr q\u00ebllim q\u00eb t\u00eb rrisin nivelin e gatishm\u00ebris\u00eb.<\/p>\n<p>Sipas saj situata n\u00eb Ballkan u duket m\u00eb e qet\u00eb nd\u00ebrkomb\u00ebtar\u00ebt<\/p>\n<p>E pari i shtetit p\u00ebrmendi situat\u00ebn para 24 shtatorit.<\/p>\n<p>\u201c<em>Para 24 shtatorit kur ne shpeshher\u00eb i informonim se \u00e7far\u00eb po planifikonte Serbia na thonin nuk \u00ebsht\u00eb Vu\u00e7iqi aq i \u00e7mendur q\u00eb t\u00eb b\u00ebj\u00eb di\u00e7ka t\u00eb till\u00eb, pasi ndodhi filluan ta shohin me nj\u00eb sy tjet\u00ebr<\/em>\u201d, tha Osmani.<\/p>\n","protected":false},"excerpt":{"rendered":"<p>Presidentja e Kosov\u00ebs Vjosa Osmani deklaroi se nuk \u00ebsht\u00eb duke u paralajm\u00ebruar luft\u00eb n\u00eb Kosov\u00eb&#8230;.<\/p>\n","protected":false},"author":1,"featured_media":0,"comment_status":"open","ping_status":"open","sticky":false,"template":"","format":"standard","meta":{"om_disable_all_campaigns":false,"_monsterinsights_skip_tracking":false,"_monsterinsights_sitenote_active":false,"_monsterinsights_sitenote_note":"","_monsterinsights_sitenote_category":0,"_uf_show_specific_survey":0,"_uf_disable_surveys":false,"footnotes":""},"categories":[1],"tags":[],"class_list":["post-6899","post","type-post","status-publish","format-standard","hentry","category-uncategorized"],"aioseo_notices":[],"views":34,"_links":{"self":[{"href":"https:\/\/used82.com\/index.php?rest_route=\/wp\/v2\/posts\/6899","targetHints":{"allow":["GET"]}}],"collection":[{"href":"https:\/\/used82.com\/index.php?rest_route=\/wp\/v2\/posts"}],"about":[{"href":"https:\/\/used82.com\/index.php?rest_route=\/wp\/v2\/types\/post"}],"author":[{"embeddable":true,"href":"https:\/\/used82.com\/index.php?rest_route=\/wp\/v2\/users\/1"}],"replies":[{"embeddable":true,"href":"https:\/\/used82.com\/index.php?rest_route=%2Fwp%2Fv2%2Fcomments&post=6899"}],"version-history":[{"count":0,"href":"https:\/\/used82.com\/index.php?rest_route=\/wp\/v2\/posts\/6899\/revisions"}],"wp:attachment":[{"href":"https:\/\/used82.com\/index.php?rest_route=%2Fwp%2Fv2%2Fmedia&parent=6899"}],"wp:term":[{"taxonomy":"category","embeddable":true,"href":"https:\/\/used82.com\/index.php?rest_route=%2Fwp%2Fv2%2Fcategories&post=6899"},{"taxonomy":"post_tag","embeddable":true,"href":"https:\/\/used82.com\/index.php?rest_route=%2Fwp%2Fv2%2Ftags&post=6899"}],"curies":[{"name":"wp","href":"https:\/\/api.w.org\/{rel}","templated":true}]}}