{"id":6901,"date":"2023-12-29T07:49:42","date_gmt":"2023-12-29T07:49:42","guid":{"rendered":"https:\/\/used82.com\/?p=6901"},"modified":"2023-12-29T07:49:42","modified_gmt":"2023-12-29T07:49:42","slug":"vdekja-e-34-vjecares-ne-hotel-vjen-reagimi-i-mikes-se-saj","status":"publish","type":"post","link":"https:\/\/used82.com\/?p=6901","title":{"rendered":"Vdekja e 34 vje\u00e7ares n\u00eb hotel, vjen reagimi i mikes s\u00eb saj"},"content":{"rendered":"<p><strong>Nj\u00eb rast i r\u00ebnd\u00eb ka tronditur vendin. 34 vje\u00e7arja nga Gjakova, Artila Kameri po dyshohet se humbi jet\u00ebn pasi ka r\u00ebn\u00eb nga kati i dyt\u00eb i hotelit n\u00eb t\u00eb cilin po q\u00ebndronte me nj\u00eb mashkull.<\/strong><\/p>\n<p>Rastin p\u00ebr Insajderi n\u00eb or\u00ebt e pasdites s\u00eb enjtes p\u00ebr Insajderin e konfirmoi z\u00ebdh\u00ebn\u00ebsja e policis\u00eb p\u00ebr rajonin e Prishtin\u00ebs, Flora Ahmeti.<\/p>\n<p>Ajo deklaroi vdekjen e viktim\u00ebs e ka konstatuar ekipi mjek\u00ebsor n\u00eb vendin e ngjarjes.<\/p>\n<p>Arila e ndjer\u00eb \u00ebsht\u00eb kujtuar nga shoqja e saj. Edona G\u00ebrqari-Doqaj, shkruan Insajderi.<\/p>\n<p><iframe loading=\"lazy\" src=\"https:\/\/www.facebook.com\/plugins\/video.php?height=476&amp;href=https%3A%2F%2Fwww.facebook.com%2FInsajderiVideos%2Fvideos%2F327757893504495%2F&amp;show_text=false&amp;width=476&amp;t=0\" width=\"476\" height=\"476\" frameborder=\"0\" scrolling=\"no\" allowfullscreen=\"allowfullscreen\" data-mce-fragment=\"1\"><\/iframe><\/p>\n<p>\u201cSot humba nj\u00eb mike\u00a0<img decoding=\"async\" class=\"emoji\" role=\"img\" draggable=\"false\" src=\"https:\/\/s.w.org\/images\/core\/emoji\/14.0.0\/svg\/1f494.svg\" alt=\"\ud83d\udc94\" \/>\u201d, nis shkrimin ajo teksa e ka cil\u00ebsuar t\u00eb ndjer\u00ebn si mike t\u00eb shpirtit.<\/p>\n<p>\u201cVet\u00ebm nj\u00eb mike e dashur si ti m\u00eb ka p\u00ebrkujtuar q\u00eb \u00e7do her\u00eb kam nj\u00eb mike af\u00ebr p\u00ebr shkak t\u00eb shpirtit. Prandaj mikja ime e mir\u00eb, un\u00eb sot kam di\u00e7ka p\u00ebr t\u00eb th\u00ebne, di\u00e7ka q\u00eb n\u2019heshtje e kam th\u00ebn\u00eb shpesh, di\u00e7ka q\u00eb n\u00eb vete e kam p\u00ebrshp\u00ebritur: FALEMINDERIT nga shpirti q\u00eb m\u00eb fale miq\u00ebsin t\u00ebnde.P\u00ebr fjalet e bukura q\u00eb i mbaj n\u00eb zemer\u2026 Do t\u00eb m\u00eb mungojn\u00eb bisedat tona. Faleminderit p\u00ebr\u00a0 gjith\u00e7ka shoqja ime!<\/p>\n<p>Pusho n\u00eb paqe Artila Kameri\u00a0<img decoding=\"async\" class=\"emoji\" role=\"img\" draggable=\"false\" src=\"https:\/\/s.w.org\/images\/core\/emoji\/14.0.0\/svg\/2764.svg\" alt=\"\u2764\ufe0f\" \/><img decoding=\"async\" class=\"emoji\" role=\"img\" draggable=\"false\" src=\"https:\/\/s.w.org\/images\/core\/emoji\/14.0.0\/svg\/1f932.svg\" alt=\"\ud83e\udd32\" \/>\u201d, ka shkruar shoqja e saj.<\/p>\n<div class=\"des-adv shteti\"><\/div>\n<figure class=\"wp-block-image size-full\"><img loading=\"lazy\" decoding=\"async\" class=\"wp-image-1731389\" src=\"https:\/\/insajderi.org\/wp-content\/uploads\/2023\/12\/shq-577x1024-1.jpg\" alt=\"\" width=\"577\" height=\"1024\" \/><\/figure>\n","protected":false},"excerpt":{"rendered":"<p>Nj\u00eb rast i r\u00ebnd\u00eb ka tronditur vendin. 34 vje\u00e7arja nga Gjakova, Artila Kameri po dyshohet&#8230;<\/p>\n","protected":false},"author":1,"featured_media":0,"comment_status":"open","ping_status":"open","sticky":false,"template":"","format":"standard","meta":{"om_disable_all_campaigns":false,"_monsterinsights_skip_tracking":false,"_monsterinsights_sitenote_active":false,"_monsterinsights_sitenote_note":"","_monsterinsights_sitenote_category":0,"_uf_show_specific_survey":0,"_uf_disable_surveys":false,"footnotes":""},"categories":[1],"tags":[],"class_list":["post-6901","post","type-post","status-publish","format-standard","hentry","category-uncategorized"],"aioseo_notices":[],"views":33,"_links":{"self":[{"href":"https:\/\/used82.com\/index.php?rest_route=\/wp\/v2\/posts\/6901","targetHints":{"allow":["GET"]}}],"collection":[{"href":"https:\/\/used82.com\/index.php?rest_route=\/wp\/v2\/posts"}],"about":[{"href":"https:\/\/used82.com\/index.php?rest_route=\/wp\/v2\/types\/post"}],"author":[{"embeddable":true,"href":"https:\/\/used82.com\/index.php?rest_route=\/wp\/v2\/users\/1"}],"replies":[{"embeddable":true,"href":"https:\/\/used82.com\/index.php?rest_route=%2Fwp%2Fv2%2Fcomments&post=6901"}],"version-history":[{"count":0,"href":"https:\/\/used82.com\/index.php?rest_route=\/wp\/v2\/posts\/6901\/revisions"}],"wp:attachment":[{"href":"https:\/\/used82.com\/index.php?rest_route=%2Fwp%2Fv2%2Fmedia&parent=6901"}],"wp:term":[{"taxonomy":"category","embeddable":true,"href":"https:\/\/used82.com\/index.php?rest_route=%2Fwp%2Fv2%2Fcategories&post=6901"},{"taxonomy":"post_tag","embeddable":true,"href":"https:\/\/used82.com\/index.php?rest_route=%2Fwp%2Fv2%2Ftags&post=6901"}],"curies":[{"name":"wp","href":"https:\/\/api.w.org\/{rel}","templated":true}]}}