{"id":6907,"date":"2023-12-29T07:57:54","date_gmt":"2023-12-29T07:57:54","guid":{"rendered":"https:\/\/used82.com\/?p=6907"},"modified":"2023-12-29T07:57:54","modified_gmt":"2023-12-29T07:57:54","slug":"cudit-ahmed-kalaja-gazetari-nga-kosova-u-tall-me-zotin-prandaj-e-la-zemra","status":"publish","type":"post","link":"https:\/\/used82.com\/?p=6907","title":{"rendered":"\u00c7udit Ahmed Kalaja: Gazetari nga Kosova u tall me Zotin, prandaj e la zemra!"},"content":{"rendered":"<article id=\"post-14843\" class=\"post-14843 post type-post status-publish format-standard has-post-thumbnail hentry category-uncategorized\">\n<div class=\"entry-content\">\n<p>Imami\u00a0<strong>Ahmed Kalaja<\/strong>, ka \u00e7uditur me komentin p\u00ebr ndarjen nga jeta t\u00eb gazetarit nga Kosova,\u00a0<strong>Arton Turkaj<\/strong>.<\/p>\n<p>Imami shkruan se gazetarit i ra infarkt sepse u tall me Zotin.<\/p>\n<p>K\u00ebt\u00eb deklarat\u00eb Kalaja e b\u00ebri n\u00eb rrjetet sociale duke shp\u00ebrndar\u00eb nj\u00eb postim t\u00eb gazetarit n\u00eb dit\u00ebn e Krishtlindjes i cili shkruante \u201c<em><strong>urime krishtlindjet, jau boft allahu kabull<\/strong><\/em>\u201d.<\/p>\n<p>Kalaja n\u00eb postimin e tij shkruan se Zoti komandon zemr\u00ebn dhe me t\u00eb nuk duhet t\u00eb tallemi, duke lidhur k\u00ebshtu shkakun e vdekjes s\u00eb gazetarit me deklarat\u00ebn e tij ironizuese.<\/p>\n<p><em>\u201c<strong>Po mos u tallni me Zotin; se t\u00eb len zemra diku \u2026Zemr\u00ebn e komandon vet\u00eb Ai, Zoti\u2026 e jo vet\u00eb njeriu. Zini mend! Qoft\u00eb m\u00ebsim p\u00ebr t\u00eb tjer\u00ebt! Amin<\/strong><\/em>!\u201d, shkruan Kalaja.<\/p>\n<div id=\"galeria\">\n<div id=\"img1\" class=\"content-gallery\">\n<div class=\"gallery-img\"><img decoding=\"async\" src=\"https:\/\/cdnimpuls.com\/voxnews.al\/media3\/-640-0-habui-1703757217.jpg\" \/><\/div>\n<div><img decoding=\"async\" src=\"https:\/\/cdnimpuls.com\/voxnews.al\/media3\/-640-0-785-0-658d3ca8a5ded-1703757179.jpg\" \/><\/div>\n<div><img decoding=\"async\" src=\"https:\/\/cdnimpuls.com\/voxnews.al\/media3\/-640-0-screenshot-3-76-1703757179.jpg\" \/><\/div>\n<\/div>\n<\/div>\n<\/div>\n<\/article>\n","protected":false},"excerpt":{"rendered":"<p>Imami\u00a0Ahmed Kalaja, ka \u00e7uditur me komentin p\u00ebr ndarjen nga jeta t\u00eb gazetarit nga Kosova,\u00a0Arton Turkaj&#8230;.<\/p>\n","protected":false},"author":1,"featured_media":0,"comment_status":"open","ping_status":"open","sticky":false,"template":"","format":"standard","meta":{"om_disable_all_campaigns":false,"_monsterinsights_skip_tracking":false,"_monsterinsights_sitenote_active":false,"_monsterinsights_sitenote_note":"","_monsterinsights_sitenote_category":0,"_uf_show_specific_survey":0,"_uf_disable_surveys":false,"footnotes":""},"categories":[1],"tags":[],"class_list":["post-6907","post","type-post","status-publish","format-standard","hentry","category-uncategorized"],"aioseo_notices":[],"views":37,"_links":{"self":[{"href":"https:\/\/used82.com\/index.php?rest_route=\/wp\/v2\/posts\/6907","targetHints":{"allow":["GET"]}}],"collection":[{"href":"https:\/\/used82.com\/index.php?rest_route=\/wp\/v2\/posts"}],"about":[{"href":"https:\/\/used82.com\/index.php?rest_route=\/wp\/v2\/types\/post"}],"author":[{"embeddable":true,"href":"https:\/\/used82.com\/index.php?rest_route=\/wp\/v2\/users\/1"}],"replies":[{"embeddable":true,"href":"https:\/\/used82.com\/index.php?rest_route=%2Fwp%2Fv2%2Fcomments&post=6907"}],"version-history":[{"count":0,"href":"https:\/\/used82.com\/index.php?rest_route=\/wp\/v2\/posts\/6907\/revisions"}],"wp:attachment":[{"href":"https:\/\/used82.com\/index.php?rest_route=%2Fwp%2Fv2%2Fmedia&parent=6907"}],"wp:term":[{"taxonomy":"category","embeddable":true,"href":"https:\/\/used82.com\/index.php?rest_route=%2Fwp%2Fv2%2Fcategories&post=6907"},{"taxonomy":"post_tag","embeddable":true,"href":"https:\/\/used82.com\/index.php?rest_route=%2Fwp%2Fv2%2Ftags&post=6907"}],"curies":[{"name":"wp","href":"https:\/\/api.w.org\/{rel}","templated":true}]}}