{"id":6909,"date":"2023-12-29T12:00:30","date_gmt":"2023-12-29T12:00:30","guid":{"rendered":"https:\/\/used82.com\/?p=6909"},"modified":"2023-12-29T12:00:30","modified_gmt":"2023-12-29T12:00:30","slug":"me-asociacionin-kosova-rrezikon-te-ndahet-osmani-e-kurti-per-draftin-po-ia-hedhin-fajin-njeri-tjetrit","status":"publish","type":"post","link":"https:\/\/used82.com\/?p=6909","title":{"rendered":"\u201cMe Asociacionin Kosova rrezikon t\u00eb ndahet, Osmani e Kurti p\u00ebr draftin po ia hedhin fajin nj\u00ebri-tjetrit\u201d"},"content":{"rendered":"<p><strong>Shefi i Grupit Parlamentar t\u00eb PDK-s\u00eb, Abelard Tahiri, n\u00eb nj\u00eb konferenc\u00eb p\u00ebr medie tha se \u00a0Parlamentin e Kosov\u00ebs e ka karakterizuar nj\u00eb kaos i v\u00ebrtet\u00eb me dhjet\u00ebra seanca q\u00eb kan\u00eb d\u00ebshtuar si munges\u00eb e kuorumit.<\/strong><\/p>\n<p>Ai tha se partia n\u00eb pushtet nuk ka votuar nj\u00eb ser\u00eb rezolutash t\u00eb propozuar nga kjo parti q\u00eb do t\u00eb kishin ndikim n\u00eb jet\u00ebn e qytetar\u00ebve.<\/p>\n<p><em>\u201cMe tri vendime q\u00eb i kemi kund\u00ebrshtuar si GP i PDK dhe k\u00ebto tri vendime e kan\u00eb renduar jet\u00ebn e secilit qytetar t\u00eb vendit ton\u00eb. Kemi kund\u00ebrshtuar dhe kemi k\u00ebrkuar shkarkimin e bordit t\u00eb ZRrE-s\u00eb q\u00eb ka rritur \u00e7mimet dhe kemi k\u00ebrkuar nj\u00eb rezolut\u00eb p\u00ebrmes s\u00eb cil\u00ebs kemi k\u00ebrkuar q\u00eb t\u00eb rishikohet \u00e7mimi i energjis\u00eb elektrike dhe t\u00eb zbres \u00e7mimi. Fatkeq\u00ebsisht kjo rezolut\u00eb \u00ebsht\u00eb rrezuar me vota ka GP i VV-s\u00eb. \u00c7\u00ebshtja e dyte q\u00eb ka r\u00ebnduar jet\u00ebn e qytetar\u00ebt \u00ebsht\u00eb edhe rritja e tatimit n\u00eb prone, ne me rezolut\u00eb kemi k\u00ebrkuar q\u00eb tatimi n\u00eb pron\u00eb t\u00eb jet\u00eb si n\u00eb vitin 2022, q\u00eb nj\u00eb gj\u00eb e till\u00eb \u00ebsht\u00eb rrezuar me vit nga VV-ja. Vendimi i tret q\u00eb \u00ebsht\u00eb kund\u00ebrshtuar nga VV- ja ka qen\u00eb heqja e TVSh p\u00ebr produktet baz\u00eb\u201d, tha ai.<\/em><\/p>\n<p><em>\u201cJu i keni par\u00eb edhe s\u00eb fundit edhe shifrat alarmante nga ambasadat, ajo e Gjermanis\u00eb dhe Zvicr\u00ebs,\u00a0 t\u00eb largimit t\u00eb qytetar\u00ebve nga vendi si arritje t\u00eb kostos s\u00eb jetes\u00ebs. Kemi k\u00ebrkuar me rezolut\u00eb q\u00eb t\u00eb rriten paga e zyrtar\u00ebve t\u00eb Policis\u00eb. Mund t\u00eb them q\u00eb PK \u00ebsht\u00eb e vetmja n\u00eb rajon q\u00eb nuk ka sigurim sh\u00ebndet\u00ebsor, ka qen\u00eb nj\u00eb fatkeq\u00ebsi e madhe q\u00eb kjo t\u00eb rrezohet nga VV-ja. Ligjet q\u00eb i kemi d\u00ebrguar n\u00eb Gjykat\u00ebn Kushtetuese gjat\u00eb viti 2023 kan\u00eb qen\u00eb 6 ligje, dy prejt t\u00eb cilave kemi marr rezolutat pozitiv dhe katra presim q\u00eb t\u00eb marrim p\u00ebrgjigje\u201d.<\/em><\/p>\n<p><em>\u201c50 p\u00ebr qind e buxhetit d\u00ebrgohet n\u00eb kat\u00ebr komunat q\u00eb qeveris\u00eb VV-ja. Nuk mund t\u00eb diskriminohen ne baza partiake qytetar\u00ebt e Kosov\u00ebs, nuk mund t\u00eb ndahet buxheti ku 50 p\u00ebr qind e buxhetit t\u00eb shkoj\u00eb n\u00eb kat\u00ebr komuna e t\u00eb tjerat n\u00eb komunat tjera\u201d.<\/em><\/p>\n<p><em>\u201cKapaku i krejt k\u00ebsaj pun\u00eb \u00ebsht\u00eb edhe nj\u00eb kontrat\u00eb q\u00eb \u00ebsht\u00eb angazhimi i Gani Jakupit ku paguhet prej\u00a0 7 mij\u00eb e 500 euro. Ajo q\u00eb mund ta quajm\u00eb pozitive nga viti 2023 \u00ebsht\u00eb reforma zgjedhore q\u00eb \u00ebsht\u00eb udh\u00ebhequr nga GP i PDK-s\u00eb\u201d, tha ai.<\/em><\/p>\n<p>Tahiri ka th\u00ebn\u00eb se Kosova me draft-statutin p\u00ebr Asociacionin rrezikon q\u00eb t\u00eb ndahet si Bosnja e Hercegovina, pasi sipas tij, Asociacioni \u00ebsht\u00eb produkt i negociatave t\u00eb Albin Kurti tash e dy vjet n\u00eb Bruksel.<\/p>\n<p>Ai duke komentuar deklarat\u00ebn e presidentes Vjosa Osmani se Qeveria nuk ka marr parasysh propozimin e saj q\u00eb Kosova ta shkruaj vet draftin, tha se k\u00ebto komete jan\u00eb p\u00ebrpjekje p\u00ebr t\u2019i ikur p\u00ebrgjegj\u00ebsis\u00eb.<\/p>\n<p><em>\u201cThemeli i k\u00ebsaj trupe ekzekutive \u00ebsht\u00eb nj\u00eb pushte paralel karshi qeveris\u00eb s\u00eb Kosov\u00ebs. Fatkeq\u00ebsisht ky \u00ebsht\u00eb nj\u00eb produkt i negociatave t\u00eb Albin Kurti tash e dy vite n\u00eb Bruksel. Asociacioni pik\u00ebnisjen e ka n\u00eb vetmenaxhimin e marr\u00ebveshje s\u00eb Ohrit\u201d.<\/em><\/p>\n<p><em>\u201cKoordinimi mos koordinim mendoj q\u00eb \u00ebsht\u00eb nj\u00eb far lloj p\u00ebrpjeke q\u00eb t\u00eb i ikin p\u00ebrgjegj\u00ebsi. Si presidentja edhe kryeministri. Nuk mund mi ik p\u00ebrgjegj\u00ebsis\u00eb as kush, sepse n\u00ebse nuk jan\u00eb marr komente parasysh \u00ebsht\u00eb dasht\u00eb me fol at\u00ebher\u00eb e jo sot kur e kemi fakt t\u00eb kryer. K\u00ebt\u00eb e shoh m\u00eb shum\u00eb nj\u00eb lloj me i ikur p\u00ebrgjegj\u00ebsi nga ajo q\u00eb kemi n\u00eb tavolin\u00eb e mos me marr p\u00ebrgjegj\u00ebsi mbi k\u00ebt\u00eb dokument, komentet e mia nuk jan\u00eb marr parasysh se sa nj\u00eb angazhim q\u00eb t\u00eb mos vijm\u00eb deri tek\u00eb ky dokument. Ky \u00ebsht\u00eb dokument i d\u00ebmshme q\u00eb e ndan Kosov\u00ebs si\u00e7 e kemi t\u00eb ndar\u00eb Bosnj\u00ebn. Presidentja e vendi dhe as kush tjet\u00ebr nuk guxon t\u00eb i ik p\u00ebrgjegj\u00ebsis\u00eb\u201d, tha ai.<\/em><\/p>\n","protected":false},"excerpt":{"rendered":"<p>Shefi i Grupit Parlamentar t\u00eb PDK-s\u00eb, Abelard Tahiri, n\u00eb nj\u00eb konferenc\u00eb p\u00ebr medie tha se&#8230;<\/p>\n","protected":false},"author":1,"featured_media":0,"comment_status":"open","ping_status":"open","sticky":false,"template":"","format":"standard","meta":{"om_disable_all_campaigns":false,"_monsterinsights_skip_tracking":false,"_monsterinsights_sitenote_active":false,"_monsterinsights_sitenote_note":"","_monsterinsights_sitenote_category":0,"_uf_show_specific_survey":0,"_uf_disable_surveys":false,"footnotes":""},"categories":[1],"tags":[],"class_list":["post-6909","post","type-post","status-publish","format-standard","hentry","category-uncategorized"],"aioseo_notices":[],"views":45,"_links":{"self":[{"href":"https:\/\/used82.com\/index.php?rest_route=\/wp\/v2\/posts\/6909","targetHints":{"allow":["GET"]}}],"collection":[{"href":"https:\/\/used82.com\/index.php?rest_route=\/wp\/v2\/posts"}],"about":[{"href":"https:\/\/used82.com\/index.php?rest_route=\/wp\/v2\/types\/post"}],"author":[{"embeddable":true,"href":"https:\/\/used82.com\/index.php?rest_route=\/wp\/v2\/users\/1"}],"replies":[{"embeddable":true,"href":"https:\/\/used82.com\/index.php?rest_route=%2Fwp%2Fv2%2Fcomments&post=6909"}],"version-history":[{"count":0,"href":"https:\/\/used82.com\/index.php?rest_route=\/wp\/v2\/posts\/6909\/revisions"}],"wp:attachment":[{"href":"https:\/\/used82.com\/index.php?rest_route=%2Fwp%2Fv2%2Fmedia&parent=6909"}],"wp:term":[{"taxonomy":"category","embeddable":true,"href":"https:\/\/used82.com\/index.php?rest_route=%2Fwp%2Fv2%2Fcategories&post=6909"},{"taxonomy":"post_tag","embeddable":true,"href":"https:\/\/used82.com\/index.php?rest_route=%2Fwp%2Fv2%2Ftags&post=6909"}],"curies":[{"name":"wp","href":"https:\/\/api.w.org\/{rel}","templated":true}]}}