{"id":6911,"date":"2023-12-29T12:03:08","date_gmt":"2023-12-29T12:03:08","guid":{"rendered":"https:\/\/used82.com\/?p=6911"},"modified":"2023-12-29T12:03:08","modified_gmt":"2023-12-29T12:03:08","slug":"jemi-ne-pritje-te-raportit-te-autopsise-prokuroria-deklarohet-per-vdekjen-e-34-vjecares-ne-hotel","status":"publish","type":"post","link":"https:\/\/used82.com\/?p=6911","title":{"rendered":"\u201cJemi n\u00eb pritje t\u00eb raportit t\u00eb autopsis\u00eb\u201d \u2013 Prokuroria deklarohet p\u00ebr vdekjen e 34 vje\u00e7ares n\u00eb hotel"},"content":{"rendered":"<p><strong>Nj\u00eb ngjarje e r\u00ebnd\u00eb ka ndodhur dje n\u00eb Gra\u00e7anic\u00eb nj\u00eb 34-vje\u00e7are dyshohet se ka r\u00ebn\u00eb nga kati i dyt\u00eb i nj\u00eb hoteli dhe ka gjetur vdekjen. B\u00ebhet fjal\u00eb p\u00ebr Artila Kamerin, shkruan Insajderi.<\/strong><\/p>\n<figure class=\"wp-block-embed is-type-video is-provider-youtube wp-block-embed-youtube wp-embed-aspect-16-9 wp-has-aspect-ratio\">\n<div class=\"wp-block-embed__wrapper\"><iframe loading=\"lazy\" title=\"Detaje nga rasti i r\u00ebnd\u00eb n\u00eb hotel- Si ra nga kati i dyt\u00eb Artila Kamberi, 34 vje\u00e7arja nga Gjakova?\" src=\"https:\/\/www.youtube.com\/embed\/bRrQurr57Cc?feature=oembed\" width=\"640\" height=\"360\" frameborder=\"0\" allowfullscreen=\"allowfullscreen\" data-mce-fragment=\"1\"><\/iframe><\/div>\n<\/figure>\n<p>P\u00ebr rastin, se deri ku kan\u00eb shkuar hetimet, se a \u00ebsht\u00eb duke u intervistuar dikush Insajderin ka kontaktuar Prokurorin\u00eb Themelore n\u00eb Prishtin\u00eb.<\/p>\n<p>Z\u00ebdh\u00ebn\u00ebsja e k\u00ebsaj prokurorie, Laureta Ulaj p\u00ebr Insajderin konfirmoi se jan\u00eb n\u00eb pritje t\u00eb raportit t\u00eb autopsis\u00eb teksa shtoi se n\u00eb k\u00ebt\u00eb pik\u00eb t\u00eb hetimeve nuk mund t\u00eb japin detaje tjera.<\/p>\n<p><em>\u201cJu njoftojm\u00eb se Prokuroria e Prishtin\u00ebs \u00ebsht\u00eb n\u00eb pritje t\u00eb raportit t\u00eb autopsis\u00eb dhe t\u00eb gjeturave nga hetimet e nd\u00ebrmarra, andaj n\u00eb k\u00ebt\u00eb faz\u00eb nuk mund t\u00eb japim detaje t\u00eb tjera nga ky rast<\/em>\u201c, tha Ulaj.<\/p>\n<p>\u201c<em>Rasti \u00ebsht\u00eb iniciuar \u201chetim mbi vdekjen\u201d dhe po vazhdon t\u00eb hetohet n\u00eb koordinim me policin\u00eb<\/em>\u201c, pohoi Ulaj.<\/p>\n<p>P\u00ebr rastin \u00ebsht\u00eb deklaruar edhe Policia e Kosov\u00ebs p\u00ebrmes raportit 24 or\u00ebsh.<\/p>\n<p>Vdekjen e viktim\u00ebs e ka konstatuar ekipi mjek\u00ebsor.<\/p>\n<p><em>\u201cGraqanic\u00eb \/ 28.12.2023 \u2013 03:23. Nj\u00ebsitet policore pasi kan\u00eb pranuar informat\u00ebn se nj\u00eb person dyshohet se ka r\u00ebn\u00eb nga kati i dyt\u00eb i nj\u00eb hoteli, kan\u00eb dal\u00eb n\u00eb vendin e ngjarjes dhe kan\u00eb gjetur viktim\u00ebn fem\u00ebr e cila dyshohej pa shenja jete, nd\u00ebrsa ekipi mjek\u00ebsor ka konstatuar vdekjen e saj. Me vendim t\u00eb prokurorit, trupi i pajet\u00eb i viktim\u00ebs \u00ebsht\u00eb d\u00ebrguar n\u00eb IML p\u00ebr obduksion. Rasti duke u hetuar\u201d,\u00a0<\/em>thuhet n\u00eb raport p\u00ebrcjell Insajderi.<\/p>\n<p>E ndjera pas vet\u00ebs ka l\u00ebn\u00eb nj\u00eb vajz\u00eb.<\/p>\n","protected":false},"excerpt":{"rendered":"<p>Nj\u00eb ngjarje e r\u00ebnd\u00eb ka ndodhur dje n\u00eb Gra\u00e7anic\u00eb nj\u00eb 34-vje\u00e7are dyshohet se ka r\u00ebn\u00eb&#8230;<\/p>\n","protected":false},"author":1,"featured_media":0,"comment_status":"open","ping_status":"open","sticky":false,"template":"","format":"standard","meta":{"om_disable_all_campaigns":false,"_monsterinsights_skip_tracking":false,"_monsterinsights_sitenote_active":false,"_monsterinsights_sitenote_note":"","_monsterinsights_sitenote_category":0,"_uf_show_specific_survey":0,"_uf_disable_surveys":false,"footnotes":""},"categories":[1],"tags":[],"class_list":["post-6911","post","type-post","status-publish","format-standard","hentry","category-uncategorized"],"aioseo_notices":[],"views":37,"_links":{"self":[{"href":"https:\/\/used82.com\/index.php?rest_route=\/wp\/v2\/posts\/6911","targetHints":{"allow":["GET"]}}],"collection":[{"href":"https:\/\/used82.com\/index.php?rest_route=\/wp\/v2\/posts"}],"about":[{"href":"https:\/\/used82.com\/index.php?rest_route=\/wp\/v2\/types\/post"}],"author":[{"embeddable":true,"href":"https:\/\/used82.com\/index.php?rest_route=\/wp\/v2\/users\/1"}],"replies":[{"embeddable":true,"href":"https:\/\/used82.com\/index.php?rest_route=%2Fwp%2Fv2%2Fcomments&post=6911"}],"version-history":[{"count":0,"href":"https:\/\/used82.com\/index.php?rest_route=\/wp\/v2\/posts\/6911\/revisions"}],"wp:attachment":[{"href":"https:\/\/used82.com\/index.php?rest_route=%2Fwp%2Fv2%2Fmedia&parent=6911"}],"wp:term":[{"taxonomy":"category","embeddable":true,"href":"https:\/\/used82.com\/index.php?rest_route=%2Fwp%2Fv2%2Fcategories&post=6911"},{"taxonomy":"post_tag","embeddable":true,"href":"https:\/\/used82.com\/index.php?rest_route=%2Fwp%2Fv2%2Ftags&post=6911"}],"curies":[{"name":"wp","href":"https:\/\/api.w.org\/{rel}","templated":true}]}}