{"id":6913,"date":"2023-12-29T12:10:46","date_gmt":"2023-12-29T12:10:46","guid":{"rendered":"https:\/\/used82.com\/?p=6913"},"modified":"2023-12-29T12:10:46","modified_gmt":"2023-12-29T12:10:46","slug":"kryeprokurori-blerim-isufaj-e-pranon-se-me-urdher-te-tij-ndodhi-heqja-e-urdherarrestit-ndaj-radoiciqit-ne-vitin-2021","status":"publish","type":"post","link":"https:\/\/used82.com\/?p=6913","title":{"rendered":"Kryeprokurori Blerim Isufaj e pranon se me urdh\u00ebr t\u00eb tij ndodhi heqja e urdh\u00ebrarrestit ndaj Radoi\u00e7iqit n\u00eb vitin 2021"},"content":{"rendered":"<p><strong>Kryeprokurori Blerim Isufaj ka konfirmuar se urdh\u00ebrarresti p\u00ebr ish-n\u00ebnkryetarin e List\u00ebs Serbe, Milan Radoi\u00e7iq me urdh\u00ebr t\u00eb tij, ishte t\u00ebrhequr p\u00ebr nj\u00eb koh\u00eb n\u00eb vitin 2021, shkruan Insajderi.<\/strong><\/p>\n<p>Kryeprokurori deklaroi se t\u00ebrheqja e urdh\u00ebrarrestit \u00ebsht\u00eb b\u00ebr\u00eb me miratimin e tij, duke mos zbuluar arsyet pse.<\/p>\n<p><em>\u201c\u00cbsht\u00eb \u00e7\u00ebshtje e brendshme e prokuroris\u00eb, ne nuk mund t\u00eb ndajm\u00eb shum\u00eb detaje. Ai nuk ka qen\u00eb kurr\u00eb n\u00eb paraburgim, \u00ebsht\u00eb t\u00ebrheq p\u00ebr nj\u00eb koh\u00eb urdh\u00ebrarresti, por m\u00eb pas i \u00ebsht\u00eb kthyer<\/em>\u201d, tha Isufaj para mediave.<\/p>\n<p><em>\u201cPa miratimin tim nuk do t\u00eb kishte mundur t\u00eb ndodhte, pa arsyet nuk mund t\u2019i jap. Nuk mundet opinion t\u00eb i dij\u00eb t\u00eb gjitha\u201d,\u00a0<\/em>potencoi ai.<\/p>\n<p>Isufaj \u00ebsht\u00eb pyetur edhe p\u00ebr kritikat e kryeministrit Kurti se p\u00ebrse nuk \u00ebsht\u00eb ngritur ende asnj\u00eb aktakuz\u00eb p\u00ebr sulmin n\u00eb Banjsk\u00eb.<\/p>\n<p><em>\u201cAs nuk dua t\u00eb komentoj, nuk \u00ebsht\u00eb \u00e7\u00ebshtje e tij. Ne i ngrisim aktakuzat kur kemi prova, nuk mundet askush t\u00eb na tregoj\u00eb kur t\u00eb ngrisim aktakuza\u201d,\u00a0<\/em>shtoi ai.<\/p>\n","protected":false},"excerpt":{"rendered":"<p>Kryeprokurori Blerim Isufaj ka konfirmuar se urdh\u00ebrarresti p\u00ebr ish-n\u00ebnkryetarin e List\u00ebs Serbe, Milan Radoi\u00e7iq me&#8230;<\/p>\n","protected":false},"author":1,"featured_media":0,"comment_status":"open","ping_status":"open","sticky":false,"template":"","format":"standard","meta":{"om_disable_all_campaigns":false,"_monsterinsights_skip_tracking":false,"_monsterinsights_sitenote_active":false,"_monsterinsights_sitenote_note":"","_monsterinsights_sitenote_category":0,"_uf_show_specific_survey":0,"_uf_disable_surveys":false,"footnotes":""},"categories":[1],"tags":[],"class_list":["post-6913","post","type-post","status-publish","format-standard","hentry","category-uncategorized"],"aioseo_notices":[],"views":35,"_links":{"self":[{"href":"https:\/\/used82.com\/index.php?rest_route=\/wp\/v2\/posts\/6913","targetHints":{"allow":["GET"]}}],"collection":[{"href":"https:\/\/used82.com\/index.php?rest_route=\/wp\/v2\/posts"}],"about":[{"href":"https:\/\/used82.com\/index.php?rest_route=\/wp\/v2\/types\/post"}],"author":[{"embeddable":true,"href":"https:\/\/used82.com\/index.php?rest_route=\/wp\/v2\/users\/1"}],"replies":[{"embeddable":true,"href":"https:\/\/used82.com\/index.php?rest_route=%2Fwp%2Fv2%2Fcomments&post=6913"}],"version-history":[{"count":0,"href":"https:\/\/used82.com\/index.php?rest_route=\/wp\/v2\/posts\/6913\/revisions"}],"wp:attachment":[{"href":"https:\/\/used82.com\/index.php?rest_route=%2Fwp%2Fv2%2Fmedia&parent=6913"}],"wp:term":[{"taxonomy":"category","embeddable":true,"href":"https:\/\/used82.com\/index.php?rest_route=%2Fwp%2Fv2%2Fcategories&post=6913"},{"taxonomy":"post_tag","embeddable":true,"href":"https:\/\/used82.com\/index.php?rest_route=%2Fwp%2Fv2%2Ftags&post=6913"}],"curies":[{"name":"wp","href":"https:\/\/api.w.org\/{rel}","templated":true}]}}