{"id":6915,"date":"2023-12-29T12:12:07","date_gmt":"2023-12-29T12:12:07","guid":{"rendered":"https:\/\/used82.com\/?p=6915"},"modified":"2023-12-29T12:12:07","modified_gmt":"2023-12-29T12:12:07","slug":"prokurori-tregon-se-a-ka-persona-te-dyshuar-per-vdekjen-e-34-vjecares-nga-gjakova","status":"publish","type":"post","link":"https:\/\/used82.com\/?p=6915","title":{"rendered":"Prokurori tregon se a ka persona t\u00eb dyshuar p\u00ebr vdekjen e 34-vje\u00e7ares nga Gjakova"},"content":{"rendered":"<p>Hetimet preliminare p\u00ebr vdekjen e 34-vje\u00e7ares nga Gjakova, Artila Kameri, e cila vdiq t\u00eb enjten pasi dyshohet k\u00ebrceu nga tarraca e katit t\u00eb dyt\u00eb n\u00eb hotelin \u2018Venus\u2019, tashm\u00eb kan\u00eb nisur dhe Prokurori i Shtetit \u00ebsht\u00eb n\u00eb pritje t\u00eb gjetjeve nga ekzaminimet q\u00eb jan\u00eb kryer. P\u00ebr rastin tashm\u00eb jan\u00eb intervistuar edhe disa d\u00ebshmitar\u00eb, n\u00eb mesin e t\u00eb cil\u00ebve edhe 32-vje\u00e7ari q\u00eb po q\u00ebndronte me t\u00eb ndjer\u00ebn.<\/p>\n<p>Prokurori i Shtetit, Armend Hamiti, n\u00eb nj\u00eb prononcim p\u00ebr Sinjalin ka b\u00ebr\u00eb t\u00eb ditur se nuk ka t\u00eb arrestuar dhe deri m\u00eb tash nuk ka persona q\u00eb jan\u00eb intervistuar n\u00eb cil\u00ebsin\u00eb e t\u00eb dyshuarve.<\/p>\n<p>Hamiti tha se rasti po hetohet si \u201cHetim i vdekjes\/ Vet\u00ebvrasje\u201d dhe n\u00eb baz\u00eb t\u00eb rezultateve, do t\u00eb zbulohen edhe rrethanat e tjera t\u00eb rastit.<\/p>\n<p>\u201cRasti \u00ebsht\u00eb duke u trajtuar me dyshimet si Hetim i vdekjes\/vet\u00ebvrasje. Nuk ka persona t\u00eb arrestuar. S\u2019ka persona t\u00eb dyshuar lidhur me rastin. Jemi n\u00eb faz\u00eb t\u00eb hetimeve. Jemi t\u2019u k\u00ebqyr\u00eb, tash po i pres rezultatet, ekspertizat, se a ka najsen tjet\u00ebr\u201d, tha ai p\u00ebr Sinjalin.<\/p>\n<p>N\u00eb kuad\u00ebr t\u00eb hetimit t\u00eb rastit, \u00ebsht\u00eb marr\u00eb deklarata e Asdren Begollit, 32-vje\u00e7ar nga Peja, i cili ishte bashk\u00eb me viktim\u00ebn n\u00eb momentin kritik, si dhe d\u00ebshmit\u00eb e dy personave t\u00eb tjer\u00eb.<\/p>\n<p>E ndjera ishte e njohur n\u00eb qytetin e Gjakov\u00ebs, pasi kishte biznesin e saj privat p\u00ebr sh\u00ebrbime estetike, p\u00ebr \u00e7ka n\u00eb t\u00eb kaluar\u00ebn ka pasur dhe paraqitje publike n\u00eb disa prej mediave n\u00eb vend.<\/p>\n<p><strong><em>Por si ndodhi ngjarja tragjike?<\/em><\/strong><\/p>\n<p>Rreth or\u00ebs 03:30 tashm\u00eb e ndjera,\u00a0<strong><em>Artila Kameri dhe Asdren Begolli, dyshohet t\u00eb jen\u00eb p\u00ebrfshir\u00eb n\u00eb nj\u00eb konflikt verbal me nj\u00ebri-tjetrin.<\/em><\/strong><\/p>\n<p>Si rrjedhoj\u00eb, 34-vje\u00e7arja dyshohet se ka k\u00ebrcyer nga tarraca e hotelit dhe si pasoj\u00eb ka marr\u00eb l\u00ebndime t\u00eb r\u00ebnda trupore q\u00eb rezultuan t\u00eb jen\u00eb fatale p\u00ebr t\u00eb.<\/p>\n<p>Ekipi mjek\u00ebsor i Emergjenc\u00ebs ka dal\u00eb n\u00eb vendin e ngjarjes, ku kan\u00eb hasur n\u00eb trupin e viktim\u00ebs dhe pas ekzaminimeve p\u00ebr shenjat vitale kan\u00eb konstatuar vdekjen e saj.<\/p>\n<p>Lidhur me rastin nga Policia than\u00eb p\u00ebr Sinjalin se me vendim t\u00eb Prokurorit t\u00eb Shtetit, trupi i pajet\u00eb i viktim\u00ebs \u00ebsht\u00eb d\u00ebrguar n\u00eb Institutin e Mjek\u00ebsis\u00eb Ligjore p\u00ebr obduksion.<\/p>\n<p>\u201cAktualisht policia n\u00eb koordinim me Prokurorin\u00eb\u00a0 ka nisur dhe po nd\u00ebrmerr t\u00eb gjitha veprimet e duhura hetimore q\u00eb do t\u00eb ndihmonin hetimin dhe sqarimin e rastit, nd\u00ebrkoh\u00eb q\u00eb trupi i pajet\u00eb i viktim\u00ebs \u00ebsht\u00eb d\u00ebrguar p\u00ebr obduksion\u201d, tha z\u00ebdh\u00ebn\u00ebsja, Flora Ahmeti.<\/p>\n<p>Nd\u00ebrkoh\u00eb Sinjali ka kontaktuar edhe hotelin \u2018Venus\u2019 p\u00ebr t\u00eb marr\u00eb nj\u00eb prononcim lidhur me rastin, mir\u00ebpo t\u00eb nj\u00ebjtit kan\u00eb refuzuar t\u00eb flasin, duke th\u00ebn\u00eb se p\u00ebr \u00e7do informat\u00eb duhet t\u00eb k\u00ebrkohet nga Policia.<\/p>\n","protected":false},"excerpt":{"rendered":"<p>Hetimet preliminare p\u00ebr vdekjen e 34-vje\u00e7ares nga Gjakova, Artila Kameri, e cila vdiq t\u00eb enjten&#8230;<\/p>\n","protected":false},"author":1,"featured_media":0,"comment_status":"open","ping_status":"open","sticky":false,"template":"","format":"standard","meta":{"om_disable_all_campaigns":false,"_monsterinsights_skip_tracking":false,"_monsterinsights_sitenote_active":false,"_monsterinsights_sitenote_note":"","_monsterinsights_sitenote_category":0,"_uf_show_specific_survey":0,"_uf_disable_surveys":false,"footnotes":""},"categories":[1],"tags":[],"class_list":["post-6915","post","type-post","status-publish","format-standard","hentry","category-uncategorized"],"aioseo_notices":[],"views":37,"_links":{"self":[{"href":"https:\/\/used82.com\/index.php?rest_route=\/wp\/v2\/posts\/6915","targetHints":{"allow":["GET"]}}],"collection":[{"href":"https:\/\/used82.com\/index.php?rest_route=\/wp\/v2\/posts"}],"about":[{"href":"https:\/\/used82.com\/index.php?rest_route=\/wp\/v2\/types\/post"}],"author":[{"embeddable":true,"href":"https:\/\/used82.com\/index.php?rest_route=\/wp\/v2\/users\/1"}],"replies":[{"embeddable":true,"href":"https:\/\/used82.com\/index.php?rest_route=%2Fwp%2Fv2%2Fcomments&post=6915"}],"version-history":[{"count":0,"href":"https:\/\/used82.com\/index.php?rest_route=\/wp\/v2\/posts\/6915\/revisions"}],"wp:attachment":[{"href":"https:\/\/used82.com\/index.php?rest_route=%2Fwp%2Fv2%2Fmedia&parent=6915"}],"wp:term":[{"taxonomy":"category","embeddable":true,"href":"https:\/\/used82.com\/index.php?rest_route=%2Fwp%2Fv2%2Fcategories&post=6915"},{"taxonomy":"post_tag","embeddable":true,"href":"https:\/\/used82.com\/index.php?rest_route=%2Fwp%2Fv2%2Ftags&post=6915"}],"curies":[{"name":"wp","href":"https:\/\/api.w.org\/{rel}","templated":true}]}}