{"id":6917,"date":"2023-12-29T12:32:29","date_gmt":"2023-12-29T12:32:29","guid":{"rendered":"https:\/\/used82.com\/?p=6917"},"modified":"2023-12-29T12:32:29","modified_gmt":"2023-12-29T12:32:29","slug":"berisha-truri-mediatik-i-vjedhjes-se-shekullit-eshte-bolino-dokumenta","status":"publish","type":"post","link":"https:\/\/used82.com\/?p=6917","title":{"rendered":"Berisha: Truri mediatik i \u2018vjedhjes s\u00eb shekullit\u2019 \u00ebsht\u00eb Bolino (Dokumenta)"},"content":{"rendered":"<p>Kreu i Partis\u00eb Demokratike, Sali Berisha ka hedhur akuza t\u00eb reja t\u00eb bazuar n\u00eb fakte dhe dokumenta sa i takon afer\u00ebs s\u00eb incenerator\u00ebve.<\/p>\n<p>Gjat\u00eb konferenc\u00ebs me gazetar\u00ebt nga selia blu, Berisha theksoi se Veliaj dhe Rama jan\u00eb amnistuar nga SPAK t\u00eb cil\u00ebt nuk po hetojn\u00eb at\u00eb t\u00eb cil\u00ebn ish-kryeministri e quajti \u201cvjedhja e shekullit\u201d.<\/p>\n<p><em>\u201cN\u00eb serialin e denoncimit t\u00eb vjedhjes s\u00eb shekullit, natyrisht m\u00eb i ziu, faqja m\u00eb e zez\u00eb e k\u00ebtij seriali \u00ebsht\u00eb amnistia e shekullit q\u00eb skapist\u00ebt e partis\u00eb, konkretisht ish-xhelati i Sigurimit t\u00eb Shtetit, Arben Kraja dhe prokurori Pren\u00e7i i b\u00ebn\u00eb Erion Veliajt, Edi Ram\u00ebs, Engj\u00ebll Aga\u00e7it, Artur Metanit dhe eksponent\u00ebve t\u00eb tjer\u00eb. N\u00eb k\u00ebt\u00eb afer\u00eb, e cila dogji me flak\u00ebt e saj, Skapin e partis\u00eb dhe mbretin e nxori lakuriq para shqiptar\u00ebve, vazhdon p\u00ebrpjekja p\u00ebr t\u00eb mbuluar krimin me t\u00eb gjitha m\u00ebnyrat.<\/em><\/p>\n<p><em>Dje denoncuam para jush se si Rama dhe Aga\u00e7i nga nj\u00ebra an\u00eb vendosin n\u00eb fondin e pakusht\u00ebzuar p\u00ebr bashkin\u00eb grantin prej 12 milion\u00eb euro, fond ky q\u00eb sipas kontrat\u00ebs duhet t\u00eb mbuloj\u00eb shpenzimet e nj\u00eb viti, nd\u00ebrkoh\u00eb Erion Veliaj parashikon nga buxheti i bashkis\u00eb jo grantin e pakusht\u00ebzuar, por direkt nga taksapaguesit e Tiran\u00ebs 12 milion\u00eb euro t\u00eb tjera.<\/em><\/p>\n<p><em>\u00c7do legjitim \u00ebsht\u00eb se do nisen n\u00eb dhera t\u00eb tjera, n\u00eb bankat offshore, aty ku depozitojn\u00eb vjedhjet e tyre Rama dhe Veliaj. Zoti K\u00eblli\u00e7i do ju njoh\u00eb ju me dokumente t\u00eb reja, t\u00eb cilat faktojn\u00eb dhe d\u00ebshmojn\u00eb p\u00ebrgjegj\u00ebsin\u00eb direkte t\u00eb Erion Veliajt, t\u00eb lidhur n\u00eb m\u00ebnyr\u00eb t\u00eb pazgjidhshme me qeverin\u00eb, mbi baz\u00ebn e shkresave q\u00eb kan\u00eb firmosur, mbi baz\u00ebn e deklaratave q\u00eb kan\u00eb b\u00ebr\u00eb.<\/em><\/p>\n<p><em>Nj\u00eb zhvillim i fundit \u00ebsht\u00eb se rolin e trurit mediatik q\u00eb gjer pak m\u00eb par\u00eb e kishte Ben Blushi, konstatohet se pas penalizimit t\u00eb Arben Ahmetajt, duke e shk\u00ebputur si dosje t\u00eb ve\u00e7ant\u00eb, nj\u00eb rol t\u00eb till\u00eb merr Bolinoja.<\/em><\/p>\n<p><em>Po t\u00eb vini re ju, ai, nj\u00eb nga p\u00ebrfituesit e m\u00ebdhenj n\u00eb k\u00ebt\u00eb vjedhje t\u00eb shekullit, vazhdon e dezinformon shqiptar\u00ebt dhe p\u00ebrp\u00eblitet me mediat e tij, t\u00eb nd\u00ebrtuara n\u00eb tok\u00ebn e grabitur me Edi Ram\u00ebn pronar\u00ebve legjitim\u00eb, t\u00eb l\u00ebn\u00eb p\u00ebr gjimnaz. Sot, para Vitit t\u00eb Ri nuk kam nj\u00eb mesazh, por nj\u00eb kartolin\u00eb p\u00ebr Bolinon, kontrat\u00ebn e tij, e cila siguroj se shum\u00eb shpejt do zb\u00ebrthehet. Sot, para Vitit t\u00eb Ri nuk kam nj\u00eb mesazh, por nj\u00eb kartolin\u00eb p\u00ebr Bolinon, kontrat\u00ebn e tij, e cila siguroj se shum\u00eb shpejt do zb\u00ebrthehet.<\/em><\/p>\n<p><em>Kjo \u00ebsht\u00eb nj\u00eb kontrat\u00eb e asaj vjedhje dhe grabitje t\u00eb tmerrshme q\u00eb ka b\u00ebr\u00eb Edi Rama me Karlo Bolinon me kat\u00ebr vendime qeveritare si n\u00eb asnj\u00eb afer\u00eb tjet\u00ebr n\u00eb arkivat e shtetit shqiptar. Kat\u00ebr vendime qeveritare t\u00eb personalizuara p\u00ebr t\u00eb marr\u00eb nga familje fisnike tiranase rreth 5 mij\u00eb met\u00ebr tok\u00eb, nga t\u00eb cilat vet\u00ebm nga familja Begeja jan\u00eb m\u00eb shum\u00eb se 1500 met\u00ebr sipas matjeve t\u00eb sakta q\u00eb jan\u00eb b\u00ebr\u00eb.<\/em><\/p>\n<p><em>Po grabitja \u00ebsht\u00eb nj\u00ebri aspekt m\u00eb i turpsh\u00ebm i Edi Ram\u00ebs. Aspekt tjet\u00ebr akoma m\u00eb kriminal \u00ebsht\u00eb se si ata kan\u00eb falsifikuar t\u00eb dh\u00ebna dhe kontrat\u00ebn. Un\u00eb, z\u00ebdh\u00ebn\u00ebsit t\u00eb Erion Veliajt, Bolino, q\u00eb ka marr\u00eb tani rolin e Blushit, i them e ke kartolin\u00eb k\u00ebt\u00eb kontrat\u00eb, lexoje pak faqen e dyt\u00eb t\u00eb saj. Publiku do e m\u00ebsoj\u00eb pas Vitit t\u00eb Ri, se tani nuk e ka shum\u00eb mendjen te kontratat, mashtrimet dhe falsifikimet e Bolinos. Ngarkesa \u00ebsht\u00eb tjet\u00ebr tani, \u00ebsht\u00eb ngarkes\u00eb pozitive\u2026 \u2026Tani, skapist\u00ebt si\u00e7 e kam th\u00ebn\u00eb dhe e them jan\u00eb nj\u00eb mburoj\u00eb, jan\u00eb b\u00ebr\u00eb nj\u00eb parzmore e vjedhjes s\u00eb shekullit dhe t\u00eb gjith\u00eb akteve t\u00eb qeveritar\u00ebve dhe lakejve t\u00eb tyre. K\u00ebshtu q\u00eb shanset se Bolino do p\u00ebrgjigjet p\u00ebr falsifikimin jan\u00eb zero. Por ne kemi besim te gjykat\u00ebsi publik. Ne i paraqesim para publikut, ndon\u00ebse nj\u00eb depozitim edhe mund t\u00eb ndodh\u00eb. Por si\u00e7 e shihni, Skapi tani \u00ebsht\u00eb nj\u00eb organizat\u00eb kriminale, e mbushur me grupe kriminale q\u00eb ndjekin interesa kriminale.\u201d,<\/em>\u00a0tha Berisha.<\/p>\n<p><img loading=\"lazy\" decoding=\"async\" class=\"alignnone size-medium wp-image-1313616\" src=\"https:\/\/boldnews.al\/wp-content\/uploads\/2023\/12\/5370f44c-c0ec-4db9-8e1b-bde6bdb5ddca-640x858.jpg\" sizes=\"auto, (max-width: 640px) 100vw, 640px\" srcset=\"https:\/\/boldnews.al\/wp-content\/uploads\/2023\/12\/5370f44c-c0ec-4db9-8e1b-bde6bdb5ddca-640x858.jpg 640w, https:\/\/boldnews.al\/wp-content\/uploads\/2023\/12\/5370f44c-c0ec-4db9-8e1b-bde6bdb5ddca-750x1005.jpg 750w, https:\/\/boldnews.al\/wp-content\/uploads\/2023\/12\/5370f44c-c0ec-4db9-8e1b-bde6bdb5ddca.jpg 764w\" alt=\"\" width=\"640\" height=\"858\" data-pin-no-hover=\"true\" \/>\u00a0<img loading=\"lazy\" decoding=\"async\" class=\"alignnone size-medium wp-image-1313617\" src=\"https:\/\/boldnews.al\/wp-content\/uploads\/2023\/12\/73a4cbbf-b863-4a45-bd1c-de1e4ab26250-640x680.jpg\" sizes=\"auto, (max-width: 640px) 100vw, 640px\" srcset=\"https:\/\/boldnews.al\/wp-content\/uploads\/2023\/12\/73a4cbbf-b863-4a45-bd1c-de1e4ab26250-640x680.jpg 640w, https:\/\/boldnews.al\/wp-content\/uploads\/2023\/12\/73a4cbbf-b863-4a45-bd1c-de1e4ab26250-750x797.jpg 750w, https:\/\/boldnews.al\/wp-content\/uploads\/2023\/12\/73a4cbbf-b863-4a45-bd1c-de1e4ab26250.jpg 964w\" alt=\"\" width=\"640\" height=\"680\" data-pin-no-hover=\"true\" \/>\u00a0<img loading=\"lazy\" decoding=\"async\" class=\"alignnone size-medium wp-image-1313618\" src=\"https:\/\/boldnews.al\/wp-content\/uploads\/2023\/12\/0e415b16-cb27-4e63-b28f-3ff445a79dfe-640x939.jpg\" sizes=\"auto, (max-width: 640px) 100vw, 640px\" srcset=\"https:\/\/boldnews.al\/wp-content\/uploads\/2023\/12\/0e415b16-cb27-4e63-b28f-3ff445a79dfe-640x939.jpg 640w, https:\/\/boldnews.al\/wp-content\/uploads\/2023\/12\/0e415b16-cb27-4e63-b28f-3ff445a79dfe.jpg 698w\" alt=\"\" width=\"640\" height=\"939\" data-pin-no-hover=\"true\" \/><\/p>\n<ul>\n<li><strong>K\u00eblli\u00e7i: Erion Veliaj shpenzoi 130 milion\u00eb euro p\u00ebr inceneratorin fantaz\u00ebm t\u00eb Tiran\u00ebs<\/strong><\/li>\n<\/ul>\n<p>N\u00eb vijim t\u00eb konferenc\u00ebs, an\u00ebtari i kryesis\u00eb s\u00eb PD-s\u00eb, Belind K\u00eblli\u00e7i solli dokumente q\u00eb v\u00ebrtetojn\u00eb abuzimin e kryebashkiakut Erion Veliaj me milionat e taksapaguesve shqiptar\u00eb.<\/p>\n<p>Sipas K\u00eblli\u00e7it, jan\u00eb plot 130 milion\u00eb euro q\u00eb jan\u00eb shpenzuar nga Veliaj p\u00ebr inceneratorin fantazm\u00eb n\u00eb kryeqytet.<\/p>\n<p><em>\u201cN\u00eb vijim t\u00eb denoncimit t\u00eb b\u00ebr\u00eb dje p\u00ebr t\u00eb cilin sigurisht q\u00eb nuk mor\u00ebm asnj\u00eb p\u00ebrgjigje nga institucionet, por nga falsifikatori i radh\u00ebs. Sot n\u00eb interes t\u00eb publikut do vazhdojm\u00eb t\u00eb b\u00ebjm\u00eb transparenc\u00eb.\u00a0<\/em><em>N\u00eb dat\u00ebn 12.03.2018 Ministri Damian Gjiknuri i drejtohet Kryetarit t\u00eb Bashkis\u00eb Tiran\u00eb ku I k\u00ebrkon: P\u00ebrsa m\u00eb sip\u00ebr, duke qen\u00eb se Bashkia Tiran\u00eb \u00ebsht\u00eb monitoruesja n\u00eb terren e k\u00ebsaj kontrate, si nj\u00ebsia m\u00eb e madhe vendore p\u00ebrfituese, k\u00ebrkojm\u00eb q\u00eb bashk\u00eb me letr\u00ebn e angazhimit, t\u00eb na d\u00ebrgohen konfirmimet e situacioneve p\u00ebr sasin\u00eb minimale t\u00eb mbetjeve t\u00eb depozituara p\u00ebr \u00e7do muaj, duke ndar\u00eb vler\u00ebn q\u00eb duhet t\u00eb paguaj Autoriteti Kontraktor p\u00ebr k\u00ebt\u00eb sasi, p\u00ebr llogari t\u00eb Bashkis\u00eb.<\/em><\/p>\n<p><em>N\u00eb foton e dyt\u00eb q\u00eb po ju paraqesim pjes\u00eb p\u00ebrb\u00ebr\u00ebse e miratimit t\u00eb koncensionit PLANI I ANGAZHIMIT FINANCIAR P\u00cbR SASIN\u00cb MINIMALE T\u00cb MBETJEVE, shihet fare qart\u00eb se Qeveria ka detyrim t\u00eb kryej pagesa p\u00ebr k\u00ebt\u00eb koncesion. N\u00eb foton e tret\u00eb t\u00eb marr\u00eb nga auditimi i KLSH n\u00eb Ministrin\u00eb e Financave ne vitin 2019 p\u00ebr k\u00ebt\u00eb kontrat\u00eb koncensionare, citojm\u00eb:<\/em><\/p>\n<p><em>\u201cK\u00ebto pagesa sipas studimit t\u00eb fizibilitetit dhe k\u00ebrkes\u00ebs s\u00eb MFE p\u00ebr parashikimin n\u00eb tavanet buxhetore jan\u00eb t\u00eb detajuara n\u00eb shum\u00ebn 130.883.750 euro mb\u00ebshtetje nga qeveria shqiptare, dhe 91.784.500 euro pa TVSH nga buxheti i bashkive q\u00eb p\u00ebrb\u00ebjn\u00eb Qarkun Tiran\u00eb\u2026.\u00a0<\/em><em>N\u00eb lidhje me k\u00ebt\u00eb konstatim nga ana e MFE \u00ebsht\u00eb paraqitur observacion ku sqarohet se:<\/em><\/p>\n<p><em>Ministria e Mjedisit nuk do t\u00eb ket\u00eb asnj\u00eb lloj financimi p\u00ebr k\u00ebt\u00eb projekt;\u00a0<\/em><em>Bashkia Tiran\u00eb do t\u00eb p\u00ebrballoj\u00eb k\u00ebto shpenzime me an\u00eb t\u00eb grandit t\u00eb pakusht\u00ebzuar q\u00eb qeveria qendrore alokon p\u00ebr qeverisjen lokale.\u00a0<\/em><em>Pra burimi i financimit p\u00ebr inceneratorin e Tiran\u00ebs ndahet n\u00eb dy komponent\u00eb:\u00a0<\/em><em>Qeveria n\u00ebp\u00ebrmjet grandit t\u00eb pakusht\u00ebzuar, ku si\u00e7 shihet dhe nga tabela mbulon pjes\u00ebn m\u00eb t\u00eb madhe t\u00eb financimit, dhe;<\/em><\/p>\n<p><em>Bashkia Tiran\u00eb n\u00ebp\u00ebrmjet t\u00eb ardhurave t\u00eb veta;\u00a0<\/em><em>N\u00eb tabel\u00eb \u00ebsht\u00eb shprehur angazhimi i qart\u00eb se n\u00eb vitin e 7 t\u00eb kontrat\u00ebs, qeveria mbulon 5.6 milion\u00eb euro pa TVSH, nd\u00ebrsa Bashkia Tiran\u00eb mbulon 1.9 milion euro pa TVSH.\u00a0 \u00a0<\/em><em>Pra \u00ebsht\u00eb shum\u00eb e qart\u00eb q\u00eb si qeveria ashtu edhe Bashkia Tiran\u00eb kan\u00eb detyrimin ligjor q\u00eb n\u00eb momentin q\u00eb firmos\u00ebn k\u00ebt\u00eb kontrat\u00eb korruptive q\u00eb t\u00eb planifikojn\u00eb buxhet p\u00ebr pagesat p\u00ebr inceneratorin fantazm\u00eb.\u00a0<\/em><em>Ajo q\u00eb ne b\u00ebm\u00eb publike dje ishte pjes\u00eb e relacionit t\u00eb buxhetit 2024-2026 p\u00ebr Bashkin\u00eb Tiran\u00eb, ku specifikohet se buxheti i shtetit, sipas Erion Veliajt nuk ka planifikuar fonde p\u00ebr k\u00ebt\u00eb kontrat\u00eb koncesionare, dhe i gjith\u00eb detyrimi financiar do t\u00eb mbulohet nga Bashkia Tiran\u00eb.<\/em><\/p>\n<p><em>N\u00eb k\u00ebto momente, ne ngrit\u00ebm disa pyetje t\u00eb cilat k\u00ebshilltar\u00ebt bashkiak\u00eb t\u00eb opozit\u00ebs ia kan\u00eb drejtuar zyrtarisht Kryetarit t\u00eb Bashkis\u00eb.\u00a0<\/em><em>P\u00ebr k\u00ebto pyetje dhe t\u00eb tjera n\u00eb lidhje me inceneratorin e Tiran\u00ebs, k\u00ebshilltar\u00ebt tan\u00eb bashkiak\u00eb k\u00ebrkuan edhe nj\u00eb seanc\u00eb t\u00eb posa\u00e7me t\u00eb K\u00ebshillit, t\u00eb cilave Erion Veliaj refuzon t\u2019u p\u00ebrgjigjet, ashtu si\u00e7 refuzoi dhe mbledhjen e K\u00ebshillit Bashkiak, duke shkelur n\u00eb m\u00ebnyr\u00eb flagrante ligjin p\u00ebr vet\u00ebqeverisjen vendore dhe rregulloren e K\u00ebshillit Bashkiak.<\/em><\/p>\n<p><em>Refuzimin p\u00ebr t\u00eb b\u00ebr\u00eb transparenc\u00eb e tregoi dhe me votimin me urgjenc\u00eb, pa pranuar asnj\u00eb pyetje, asnj\u00eb diskutim, dhe brenda dy minutave t\u00eb projekt-buxhetit t\u00eb Bashkis\u00eb.\u00a0<\/em><em>Rikujtojm\u00eb edhe nj\u00eb her\u00eb se Erion Veliaj n\u00eb mbledhjen e k\u00ebshillit bashkiak t\u00eb dat\u00ebs 28 shtator 2017 deklaronte se kjo \u00ebsht\u00eb nj\u00eb kontrat\u00eb e firmosur nga qeveria, p\u00ebr t\u00eb cil\u00ebn bashkia Tiran\u00eb nuk do t\u00eb paguaj\u00eb asnj\u00eb lek shtes\u00eb. Por n\u00eb dhjetor 2023, po Erion Veliaj thot\u00eb se t\u00eb gjitha parat\u00eb p\u00ebr inceneratorin fantaz\u00ebm t\u00eb Tiran\u00ebs do t\u00eb paguhen nga Bashkia.<\/em><\/p>\n<p><em>Ku e bazon Erion Veliaj k\u00ebt\u00eb vendim q\u00eb shkel termat e kontrat\u00ebs dhe angazhimin financiar t\u00eb shprehur nga vet\u00eb bashkia Tiran\u00eb? A njohin ligje dhe norma k\u00ebta njer\u00ebz?\u201d,\u00a0<\/em>tha Kelli\u00e7i teksa publikoi dokumentin me poshte:<\/p>\n<p><img loading=\"lazy\" decoding=\"async\" class=\"alignnone size-medium wp-image-1313615\" src=\"https:\/\/boldnews.al\/wp-content\/uploads\/2023\/12\/348cb909-fae5-40a3-9a4d-a8d253a3e271-1-640x964.jpg\" sizes=\"auto, (max-width: 640px) 100vw, 640px\" srcset=\"https:\/\/boldnews.al\/wp-content\/uploads\/2023\/12\/348cb909-fae5-40a3-9a4d-a8d253a3e271-1-640x964.jpg 640w, https:\/\/boldnews.al\/wp-content\/uploads\/2023\/12\/348cb909-fae5-40a3-9a4d-a8d253a3e271-1-750x1129.jpg 750w, https:\/\/boldnews.al\/wp-content\/uploads\/2023\/12\/348cb909-fae5-40a3-9a4d-a8d253a3e271-1.jpg 850w\" alt=\"\" width=\"640\" height=\"964\" data-pin-no-hover=\"true\" \/><\/p>\n","protected":false},"excerpt":{"rendered":"<p>Kreu i Partis\u00eb Demokratike, Sali Berisha ka hedhur akuza t\u00eb reja t\u00eb bazuar n\u00eb fakte&#8230;<\/p>\n","protected":false},"author":1,"featured_media":0,"comment_status":"open","ping_status":"open","sticky":false,"template":"","format":"standard","meta":{"om_disable_all_campaigns":false,"_monsterinsights_skip_tracking":false,"_monsterinsights_sitenote_active":false,"_monsterinsights_sitenote_note":"","_monsterinsights_sitenote_category":0,"_uf_show_specific_survey":0,"_uf_disable_surveys":false,"footnotes":""},"categories":[1],"tags":[],"class_list":["post-6917","post","type-post","status-publish","format-standard","hentry","category-uncategorized"],"aioseo_notices":[],"views":53,"_links":{"self":[{"href":"https:\/\/used82.com\/index.php?rest_route=\/wp\/v2\/posts\/6917","targetHints":{"allow":["GET"]}}],"collection":[{"href":"https:\/\/used82.com\/index.php?rest_route=\/wp\/v2\/posts"}],"about":[{"href":"https:\/\/used82.com\/index.php?rest_route=\/wp\/v2\/types\/post"}],"author":[{"embeddable":true,"href":"https:\/\/used82.com\/index.php?rest_route=\/wp\/v2\/users\/1"}],"replies":[{"embeddable":true,"href":"https:\/\/used82.com\/index.php?rest_route=%2Fwp%2Fv2%2Fcomments&post=6917"}],"version-history":[{"count":0,"href":"https:\/\/used82.com\/index.php?rest_route=\/wp\/v2\/posts\/6917\/revisions"}],"wp:attachment":[{"href":"https:\/\/used82.com\/index.php?rest_route=%2Fwp%2Fv2%2Fmedia&parent=6917"}],"wp:term":[{"taxonomy":"category","embeddable":true,"href":"https:\/\/used82.com\/index.php?rest_route=%2Fwp%2Fv2%2Fcategories&post=6917"},{"taxonomy":"post_tag","embeddable":true,"href":"https:\/\/used82.com\/index.php?rest_route=%2Fwp%2Fv2%2Ftags&post=6917"}],"curies":[{"name":"wp","href":"https:\/\/api.w.org\/{rel}","templated":true}]}}