{"id":6919,"date":"2023-12-29T12:34:02","date_gmt":"2023-12-29T12:34:02","guid":{"rendered":"https:\/\/used82.com\/?p=6919"},"modified":"2023-12-29T12:34:02","modified_gmt":"2023-12-29T12:34:02","slug":"fier-polici-ne-detyre-plagos-me-arme-zjarri-djalin-e-kolegut-video-foto","status":"publish","type":"post","link":"https:\/\/used82.com\/?p=6919","title":{"rendered":"Fier\/ Polici n\u00eb detyr\u00eb plagos me arm\u00eb zjarri djalin e kolegut (Video-Foto)"},"content":{"rendered":"<p>Nj\u00eb i ri \u00ebsht\u00eb plagosur me arm\u00eb zjarri k\u00ebt\u00eb t\u00eb enjte n\u00eb Fier nga nj\u00eb efektiv policie n\u00eb detyr\u00eb, n\u00eb vazhd\u00ebn e nj\u00eb konflikti q\u00eb dyshohet se ka lindur p\u00ebr motive t\u00eb dob\u00ebta.<\/p>\n<p>Ngjarja ka ndodhur n\u00eb qend\u00ebr t\u00eb qytetit rreth or\u00ebs 19:20, ku nj\u00eb patrull\u00eb policie me sh\u00ebrbim kishte bllokuar nj\u00eb segment rrugor p\u00ebr zhvillimin e nj\u00eb koncerti.<\/p>\n<p>Sipas burimeve zyrtare nga policia lokale, 26-vje\u00e7ari Daniel Bra\u00e7i, duke drejtuar nj\u00eb automjet tip \u2018Volkswagen\u2019 \u00ebsht\u00eb afruar te punonj\u00ebsit e Policis\u00eb dhe ka tentuar t\u00eb futet n\u00eb rrug\u00ebn e bllokuar.<\/p>\n<p><em>\u201cPunonj\u00ebsit e Policis\u00eb nuk e kan\u00eb lejuar t\u00eb futet brenda perimetrit t\u00eb siguris\u00eb dhe n\u00eb at\u00eb momentet 26-vje\u00e7ari ka dal\u00eb nga automjeti dhe ka q\u00eblluar me grushte n\u00eb fytyr\u00eb duke i shkaktuar d\u00ebmtime t\u00eb r\u00ebnda n\u00eb fytyr\u00eb dhe n\u00eb goj\u00eb. Inspektor Shk\u00eblqim Jahelezi, n\u00eb kushtet e vet\u00ebmbrojtjes ka q\u00eblluar me arm\u00ebn e sh\u00ebrbimit duke e plagosur n\u00eb k\u00ebmb\u00eb shtetasin Daniel Bra\u00e7i\u201d,<\/em>\u00a0thuhet n\u00eb nj\u00eb njoftim t\u00eb bluve.<\/p>\n<div><iframe loading=\"lazy\" src=\"https:\/\/streamable.com\/e\/r3lr4b\" width=\"100%\" height=\"100%\" frameborder=\"0\" allowfullscreen=\"allowfullscreen\" data-mce-fragment=\"1\"><\/iframe><\/div>\n<p>Efektiv\u00ebt e tjer\u00eb t\u00eb policis\u00eb kan\u00eb d\u00ebrguar p\u00ebr n\u00eb spital p\u00ebr ndihm\u00eb mjek\u00ebsore t\u00eb riun nga Levani, i cili \u00ebsht\u00eb djali i nj\u00eb kolegu t\u00eb tyre. I l\u00ebnduari, sipas burimeve mjek\u00ebsore, \u00ebsht\u00eb jasht\u00eb rrezikut p\u00ebr jet\u00ebn.<\/p>\n<p>Po ashtu, \u00ebsht\u00eb shoq\u00ebruar n\u00eb spital p\u00ebr ndihm\u00eb mjek\u00ebsore dhe punonj\u00ebsi i Policis\u00eb q\u00eb q\u00eblloi me arm\u00ebn e sh\u00ebrbimit, i cili dhe pas marrjes s\u00eb ndihm\u00ebs mjek\u00ebsore \u00ebsht\u00eb shoq\u00ebruar n\u00eb komisariat.<\/p>\n<p><em>\u201cT\u00eb gjitha veprimet po kryhen nga Agjencia e Mbik\u00ebqyrjes Policore n\u00eb drejtimin e Prokuroris\u00eb p\u00ebr shmangur konfliktin e interesit. N\u00eb p\u00ebrfundim t\u00eb veprimeve hetimore, AMP do t\u00eb japi informacion t\u00eb zgjeruar n\u00eb lidhje me k\u00ebt\u00eb ngjarje<\/em>\u201d, mbyllet njoftimi i bluve.<\/p>\n<p><img loading=\"lazy\" decoding=\"async\" class=\"alignnone size-medium wp-image-1313325\" src=\"https:\/\/boldnews.al\/wp-content\/uploads\/2023\/12\/c-640x353.png\" sizes=\"auto, (max-width: 640px) 100vw, 640px\" srcset=\"https:\/\/boldnews.al\/wp-content\/uploads\/2023\/12\/c-640x353.png 640w, https:\/\/boldnews.al\/wp-content\/uploads\/2023\/12\/c-750x414.png 750w, https:\/\/boldnews.al\/wp-content\/uploads\/2023\/12\/c.png 783w\" alt=\"\" width=\"640\" height=\"353\" data-pin-no-hover=\"true\" \/><\/p>\n","protected":false},"excerpt":{"rendered":"<p>Nj\u00eb i ri \u00ebsht\u00eb plagosur me arm\u00eb zjarri k\u00ebt\u00eb t\u00eb enjte n\u00eb Fier nga nj\u00eb&#8230;<\/p>\n","protected":false},"author":1,"featured_media":0,"comment_status":"open","ping_status":"open","sticky":false,"template":"","format":"standard","meta":{"om_disable_all_campaigns":false,"_monsterinsights_skip_tracking":false,"_monsterinsights_sitenote_active":false,"_monsterinsights_sitenote_note":"","_monsterinsights_sitenote_category":0,"_uf_show_specific_survey":0,"_uf_disable_surveys":false,"footnotes":""},"categories":[1],"tags":[],"class_list":["post-6919","post","type-post","status-publish","format-standard","hentry","category-uncategorized"],"aioseo_notices":[],"views":56,"_links":{"self":[{"href":"https:\/\/used82.com\/index.php?rest_route=\/wp\/v2\/posts\/6919","targetHints":{"allow":["GET"]}}],"collection":[{"href":"https:\/\/used82.com\/index.php?rest_route=\/wp\/v2\/posts"}],"about":[{"href":"https:\/\/used82.com\/index.php?rest_route=\/wp\/v2\/types\/post"}],"author":[{"embeddable":true,"href":"https:\/\/used82.com\/index.php?rest_route=\/wp\/v2\/users\/1"}],"replies":[{"embeddable":true,"href":"https:\/\/used82.com\/index.php?rest_route=%2Fwp%2Fv2%2Fcomments&post=6919"}],"version-history":[{"count":0,"href":"https:\/\/used82.com\/index.php?rest_route=\/wp\/v2\/posts\/6919\/revisions"}],"wp:attachment":[{"href":"https:\/\/used82.com\/index.php?rest_route=%2Fwp%2Fv2%2Fmedia&parent=6919"}],"wp:term":[{"taxonomy":"category","embeddable":true,"href":"https:\/\/used82.com\/index.php?rest_route=%2Fwp%2Fv2%2Fcategories&post=6919"},{"taxonomy":"post_tag","embeddable":true,"href":"https:\/\/used82.com\/index.php?rest_route=%2Fwp%2Fv2%2Ftags&post=6919"}],"curies":[{"name":"wp","href":"https:\/\/api.w.org\/{rel}","templated":true}]}}