{"id":6925,"date":"2023-12-29T17:37:23","date_gmt":"2023-12-29T17:37:23","guid":{"rendered":"https:\/\/used82.com\/?p=6925"},"modified":"2023-12-29T17:37:23","modified_gmt":"2023-12-29T17:37:23","slug":"telashe-ne-pdk-ne-vushtrri-bojkotojne-ndejen-e-fundvitit-flasim-pas-festave","status":"publish","type":"post","link":"https:\/\/used82.com\/?p=6925","title":{"rendered":"Telashe n\u00eb PDK n\u00eb Vushtrri, bojkotojn\u00eb ndej\u00ebn e fundvitit: Flasim pas festave"},"content":{"rendered":"<p><strong><em>Dega e PDK-s\u00eb<\/em><\/strong>\u00a0<strong><em>n\u00eb Vushtrri \u00ebsht\u00eb p\u00ebrballur me telashe k\u00ebt\u00eb fundvit. Ndeja e fundvitit e organizuar nga Partia Demokratike e Kosov\u00ebs, \u00ebsht\u00eb bojkotuar nga disa n\u00ebndeg\u00eb. Insajderi ka siguruar disa mesazhe nga komunikimet brenda k\u00ebsaj partie.<\/em><\/strong><\/p>\n<p>PDK n\u00eb 24 vjetorin e k\u00ebsaj partie n\u00eb Vushtrri si dhe n\u00eb p\u00ebrmbyllje t\u00eb fundvitit ka ftuar an\u00ebtar\u00ebt e k\u00ebsaj partie n\u00eb nj\u00eb koktej.<\/p>\n<p>Ky festim \u00ebsht\u00eb parapar\u00eb q\u00eb t\u00eb mbahet sot, por disa kryesi t\u00eb n\u00ebndeg\u00ebs t\u00eb k\u00ebsaj partie n\u00eb fshatra kan\u00eb bojkotuar k\u00ebt\u00eb ndenj\u00eb.<\/p>\n<div class=\"des-adv jashtshteti\"><\/div>\n<figure class=\"wp-block-image size-full is-resized\"><img loading=\"lazy\" decoding=\"async\" class=\"wp-image-1731870\" src=\"https:\/\/insajderi.org\/wp-content\/uploads\/2023\/12\/9394ca6e-9b58-446c-a144-d5723184261d-2.jpg\" sizes=\"auto, (max-width: 1600px) 100vw, 1600px\" srcset=\"https:\/\/insajderi.org\/wp-content\/uploads\/2023\/12\/9394ca6e-9b58-446c-a144-d5723184261d-2.jpg 1600w, https:\/\/insajderi.org\/wp-content\/uploads\/2023\/12\/9394ca6e-9b58-446c-a144-d5723184261d-2-768x546.jpg 768w, https:\/\/insajderi.org\/wp-content\/uploads\/2023\/12\/9394ca6e-9b58-446c-a144-d5723184261d-2-1536x1092.jpg 1536w\" alt=\"\" width=\"1600\" height=\"1137\" \/><\/figure>\n<p>N\u00eb bised\u00ebn e siguruar nga Gazeta Insajderi theksohet se kryesia e n\u00ebndeg\u00ebs s\u00eb PDK-s\u00eb n\u00eb\u00a0<strong><em>fshatin Oshlan, Sllatin\u00eb dhe ajo e fshatit Nevolani kan\u00eb bojkotuar k\u00ebt\u00eb koktej.<\/em><\/strong><\/p>\n<p>K\u00ebtij bojkoti t\u00eb tyre i \u00ebsht\u00eb kund\u00ebrp\u00ebrgjigjur, kryetari i PDK-s\u00eb n\u00eb Vushtrri, Kurtan Kajtazi.<\/p>\n<p>Ai i tha atyre se ky \u201c\u00ebsht\u00eb gabim i r\u00ebnd\u00eb\u201d.<\/p>\n<p>\u201c<em>Jeni ka gaboni r\u00ebnd\u00eb, po p\u00ebr k\u00ebt\u00eb flasim pas festave<\/em>\u201c, ishte p\u00ebrgjigja e tij.<\/p>\n<div class=\"des-adv shteti\"><\/div>\n<figure class=\"wp-block-gallery has-nested-images columns-default is-cropped wp-block-gallery-1 is-layout-flex wp-block-gallery-is-layout-flex\">\n<figure class=\"wp-block-image size-large\"><img loading=\"lazy\" decoding=\"async\" class=\"wp-image-1731873\" src=\"https:\/\/insajderi.org\/wp-content\/uploads\/2023\/12\/BIS.jpg\" alt=\"\" width=\"385\" height=\"684\" data-id=\"1731873\" \/><\/figure>\n<\/figure>\n<p>Gazeta Insajderi lidhur me k\u00ebt\u00eb i ka d\u00ebrguar pyetje edhe kryetarit Ferit Idrizi, por i nj\u00ebjti deri m\u00eb tani nuk ka kthyer p\u00ebrgjigje.<\/p>\n","protected":false},"excerpt":{"rendered":"<p>Dega e PDK-s\u00eb\u00a0n\u00eb Vushtrri \u00ebsht\u00eb p\u00ebrballur me telashe k\u00ebt\u00eb fundvit. Ndeja e fundvitit e organizuar&#8230;<\/p>\n","protected":false},"author":1,"featured_media":0,"comment_status":"open","ping_status":"open","sticky":false,"template":"","format":"standard","meta":{"om_disable_all_campaigns":false,"_monsterinsights_skip_tracking":false,"_monsterinsights_sitenote_active":false,"_monsterinsights_sitenote_note":"","_monsterinsights_sitenote_category":0,"_uf_show_specific_survey":0,"_uf_disable_surveys":false,"footnotes":""},"categories":[1],"tags":[],"class_list":["post-6925","post","type-post","status-publish","format-standard","hentry","category-uncategorized"],"aioseo_notices":[],"views":52,"_links":{"self":[{"href":"https:\/\/used82.com\/index.php?rest_route=\/wp\/v2\/posts\/6925","targetHints":{"allow":["GET"]}}],"collection":[{"href":"https:\/\/used82.com\/index.php?rest_route=\/wp\/v2\/posts"}],"about":[{"href":"https:\/\/used82.com\/index.php?rest_route=\/wp\/v2\/types\/post"}],"author":[{"embeddable":true,"href":"https:\/\/used82.com\/index.php?rest_route=\/wp\/v2\/users\/1"}],"replies":[{"embeddable":true,"href":"https:\/\/used82.com\/index.php?rest_route=%2Fwp%2Fv2%2Fcomments&post=6925"}],"version-history":[{"count":0,"href":"https:\/\/used82.com\/index.php?rest_route=\/wp\/v2\/posts\/6925\/revisions"}],"wp:attachment":[{"href":"https:\/\/used82.com\/index.php?rest_route=%2Fwp%2Fv2%2Fmedia&parent=6925"}],"wp:term":[{"taxonomy":"category","embeddable":true,"href":"https:\/\/used82.com\/index.php?rest_route=%2Fwp%2Fv2%2Fcategories&post=6925"},{"taxonomy":"post_tag","embeddable":true,"href":"https:\/\/used82.com\/index.php?rest_route=%2Fwp%2Fv2%2Ftags&post=6925"}],"curies":[{"name":"wp","href":"https:\/\/api.w.org\/{rel}","templated":true}]}}