{"id":6929,"date":"2023-12-29T21:09:21","date_gmt":"2023-12-29T21:09:21","guid":{"rendered":"https:\/\/used82.com\/?p=6929"},"modified":"2023-12-29T21:09:21","modified_gmt":"2023-12-29T21:09:21","slug":"drejtori-i-policise-mund-te-kete-arrestime-te-reja-per-vrasjen-e-liridona-ademajt-ende-seshte-kristalizuar-motivi","status":"publish","type":"post","link":"https:\/\/used82.com\/?p=6929","title":{"rendered":"Drejtori i policis\u00eb: Mund t\u00eb ket\u00eb arrestime t\u00eb reja p\u00ebr vrasjen e Liridona Ademajt, ende s\u2019\u00ebsht\u00eb kristalizuar motivi"},"content":{"rendered":"<p>Drejtor i Policis\u00eb s\u00eb Kosov\u00ebs, Gazmend Hoxha, n\u00eb T7 ka folur p\u00ebr rastin e vrasjes s\u00eb Liridona Ademajt. Ai ka th\u00ebn\u00eb se procesi hetimor po vazhdon n\u00eb disa faza, derisa Policia e Kosov\u00ebs \u00ebsht\u00eb treguar mjaft efikase sa i p\u00ebrket k\u00ebtij rasti.<\/p>\n<p>Hoxha ka th\u00ebn\u00eb se mbetet t\u00eb zbulohet motivi i vrasjes dhe se p\u00ebr k\u00ebt\u00eb gj\u00eb jan\u00eb duke hetuar disa pista. Ai ka th\u00ebn\u00eb se s\u2019mund t\u00eb flas\u00eb asgj\u00eb p\u00ebr motivin, derisa t\u00eb mos ket\u00eb nj\u00eb kristalizim p\u00ebr k\u00ebt\u00eb \u00e7\u00ebshtje.<\/p>\n<p>\u201cProcesi hetimor vazhdon n\u00eb disa faza. Policia n\u00eb k\u00ebt\u00eb rast \u00ebsht\u00eb treguar shum\u00eb efikase dhe profesionale. N\u00eb afat rekord ka sqaruar vrasjen dhe t\u00eb arrestoj\u00eb personat e involvuar n\u00eb k\u00ebt\u00eb rast. Mbetet t\u00eb zbulohet p\u00ebr motivin e k\u00ebsaj vrasje. Jemi duke hetuar disa pista, por s\u2019mund t\u00eb b\u00ebj\u00eb publike derisa t\u00eb kemi t\u00eb kristalizuar motivin\u201d, ka th\u00ebn\u00eb Hoxha n\u00eb T7.<\/p>\n<p>Kreu i Policis\u00eb s\u00eb Kosov\u00ebs ka th\u00ebn\u00eb se brenda policis\u00eb ka hetues q\u00eb kan\u00eb nj\u00eb p\u00ebrvoj\u00eb shum\u00eb t\u00eb madhe dhe se qysh n\u00eb momentet e para kur ka ndodhur rasti i vrasjes s\u00eb Liridon\u00ebs, kan\u00eb dyshuar se di\u00e7ka nuk \u00ebsht\u00eb n\u00eb rregull.<\/p>\n<p>Hoxha ka th\u00ebn\u00eb se sqarimet q\u00eb jan\u00eb dh\u00ebn\u00eb nga Naim Murseli dhe personat e tjer\u00eb s\u2019kan\u00eb qen\u00eb bind\u00ebse.<\/p>\n<p>\u201cPolicia e Kosov\u00ebs ka arritur nivel t\u00eb lart\u00eb profesional. Edhe polic\u00ebt hetues q\u00eb punojn\u00eb koh\u00eb t\u00eb gjat\u00eb dhe kan\u00eb p\u00ebrvoj\u00eb n\u00eb hetim. Qysh n\u00eb momentet e para, kemi pasur indicie q\u00eb di\u00e7ka nuk \u00ebsht\u00eb n\u00eb rregull. Nuk mjaftohemi me indicie, u dasht t\u00eb sigurojm\u00eb prova p\u00ebr ta arrestuar dik\u00eb. Rasti u raportua q\u00eb ka qen\u00eb grabitje. Sqarimet q\u00eb jan\u00eb dh\u00ebn\u00eb nga vet\u00eb ai dhe nga personat tjer\u00eb s\u2019kan\u00eb qen\u00eb bindes\u00eb p\u00ebr ne dhe kemi nxjerr\u00eb t\u00eb gjitha faktet dhe d\u00ebshmit\u00eb. \u00cbsht\u00eb ekzaminu gjith\u00eb procesi, kamerat q\u00eb kan\u00eb shpi deri n\u00eb at\u00eb lokacion ku \u00ebsht\u00eb kryera vrasja\u201d, ka th\u00ebn\u00eb Hoxha.<\/p>\n<p>I pyetur n\u00ebse \u00ebsht\u00eb kapur nga kamerat e siguris\u00eb momenti i vrasjes s\u00eb Liridon\u00ebs, Hoxha ka th\u00ebn\u00eb se n\u00eb vendin ku ka ndodhur krimi nuk ka kamera.<\/p>\n<p>\u201cMomenti i vrasjes s\u2019\u00ebsht\u00eb i fokusuar. Ka qen\u00eb nj\u00eb zon\u00eb q\u00eb s\u2019\u00ebsht\u00eb kapur nga kamerat\u201d, ka th\u00ebn\u00eb tutje ai.<\/p>\n<p>I pyetur p\u00ebr fatin e telefonit t\u00eb Liridona Ademajt, Hoxha ka th\u00ebn\u00eb se s\u2019i di t\u00eb gjitha detajet, por ka th\u00ebn\u00eb se p\u00ebrmes telefonave t\u00eb konfiskuar \u00ebsht\u00eb arritur q\u00eb t\u00eb lidhen t\u00eb gjith\u00eb personat e dyshuar p\u00ebr vrasjen.<\/p>\n<p>\u201cNuk mund t\u2019i t\u00eb gjitha detajet. Por p\u00ebrmes d\u00ebshmive t\u00eb marra nga telefonat, kemi arritur t\u00eb lidhim t\u00eb gjith\u00eb personat e dyshuar m\u00eb k\u00ebt\u00eb vrasje. Telefonat e konfiskuar po ekzaminohen nga forenzika\u201d, ka potencuar drejtori Hoxha.<\/p>\n<p>I pyetur p\u00ebr arresitme t\u00eb reja t\u00eb mundshme p\u00ebr rastin e vrasjes s\u00eb Liridona Ademajt, Hoxha ka th\u00ebn\u00eb se s\u2019p\u00ebrjashtohen dhe se ende s\u2019ka p\u00ebrfunduar e t\u00ebra.<\/p>\n<p>\u201cNuk kan\u00eb p\u00ebrfunduar arrestimet, kjo varet nga zhvillimet tjera q\u00eb mund t\u00eb dalin. S\u2019mund t\u00eb paragjykoj n\u00ebse do t\u00eb ket\u00eb apo s\u2019do t\u00eb ket\u00eb. Mir\u00ebpo kjo nuk \u00ebsht\u00eb e t\u00ebra edhe pse \u00ebsht\u00eb sqaruar pothuajse e gjitha\u201d, ka th\u00ebn\u00eb Hoxha.<\/p>\n","protected":false},"excerpt":{"rendered":"<p>Drejtor i Policis\u00eb s\u00eb Kosov\u00ebs, Gazmend Hoxha, n\u00eb T7 ka folur p\u00ebr rastin e vrasjes&#8230;<\/p>\n","protected":false},"author":1,"featured_media":0,"comment_status":"open","ping_status":"open","sticky":false,"template":"","format":"standard","meta":{"om_disable_all_campaigns":false,"_monsterinsights_skip_tracking":false,"_monsterinsights_sitenote_active":false,"_monsterinsights_sitenote_note":"","_monsterinsights_sitenote_category":0,"_uf_show_specific_survey":0,"_uf_disable_surveys":false,"footnotes":""},"categories":[1],"tags":[],"class_list":["post-6929","post","type-post","status-publish","format-standard","hentry","category-uncategorized"],"aioseo_notices":[],"views":54,"_links":{"self":[{"href":"https:\/\/used82.com\/index.php?rest_route=\/wp\/v2\/posts\/6929","targetHints":{"allow":["GET"]}}],"collection":[{"href":"https:\/\/used82.com\/index.php?rest_route=\/wp\/v2\/posts"}],"about":[{"href":"https:\/\/used82.com\/index.php?rest_route=\/wp\/v2\/types\/post"}],"author":[{"embeddable":true,"href":"https:\/\/used82.com\/index.php?rest_route=\/wp\/v2\/users\/1"}],"replies":[{"embeddable":true,"href":"https:\/\/used82.com\/index.php?rest_route=%2Fwp%2Fv2%2Fcomments&post=6929"}],"version-history":[{"count":0,"href":"https:\/\/used82.com\/index.php?rest_route=\/wp\/v2\/posts\/6929\/revisions"}],"wp:attachment":[{"href":"https:\/\/used82.com\/index.php?rest_route=%2Fwp%2Fv2%2Fmedia&parent=6929"}],"wp:term":[{"taxonomy":"category","embeddable":true,"href":"https:\/\/used82.com\/index.php?rest_route=%2Fwp%2Fv2%2Fcategories&post=6929"},{"taxonomy":"post_tag","embeddable":true,"href":"https:\/\/used82.com\/index.php?rest_route=%2Fwp%2Fv2%2Ftags&post=6929"}],"curies":[{"name":"wp","href":"https:\/\/api.w.org\/{rel}","templated":true}]}}