{"id":6935,"date":"2023-12-29T21:17:15","date_gmt":"2023-12-29T21:17:15","guid":{"rendered":"https:\/\/used82.com\/?p=6935"},"modified":"2023-12-29T21:17:15","modified_gmt":"2023-12-29T21:17:15","slug":"dy-javet-e-ardhshme-te-veshtira-analisti-austriak-te-mbrohet-kosova-mund-te-kete-lufte","status":"publish","type":"post","link":"https:\/\/used82.com\/?p=6935","title":{"rendered":"\u201cDy jav\u00ebt e ardhshme, t\u00eb v\u00ebshtira\u201d- analisti austriak: T\u00eb mbrohet Kosova, mund t\u00eb ket\u00eb luft\u00eb"},"content":{"rendered":"<p>Jav\u00ebn e kaluar ishte kryeministri, Albin Kurti ai i cili paralajm\u00ebroi se n\u00eb Kosov\u00eb mund t\u00eb k\u00ebt\u00eb sulme t\u00eb reja ndaj Kosov\u00ebs nga strukturat serbe.<\/p>\n<p>Por, nj\u00eb rrezik t\u00eb till\u00eb e sheh edhe analisti austriak Gunther Fehlinger, madje ai tha se mund t\u00eb sulmohet edhe Bosnja.<\/p>\n<p>Fehlinger theksoi se BE duhet t\u00eb jet\u00eb gati t\u2019i p\u00ebrgjigjet Serbis\u00eb n\u00ebse tenton t\u00eb nis\u00eb nj\u00eb luft\u00eb n\u00eb Bosnje Hercegovin\u00eb dhe Kosov\u00eb.<\/p>\n<p>\u201cNe nuk mund ta pranojm\u00eb pushtimin rus t\u00eb Serbis\u00eb. Duhet t\u00eb mb\u00ebshtesim ndryshimin n\u00eb Beograd dhe n\u00eb gjith\u00eb Serbin\u00eb. Njohja e Kosov\u00ebs nga Serbia duhet t\u00eb jet\u00eb e padiskutueshme, por duhet t\u00eb p\u00ebrgatitemi p\u00ebr nj\u00eb luft\u00eb nga Serbia n\u00eb Kosov\u00eb dhe n\u00eb Bosnje, pasi regjimi i Vu\u00e7i\u00e7 \u00ebsht\u00eb shum\u00eb i rreziksh\u00ebm. Ndaj ne duhet t\u00eb mbrojm\u00eb Kosov\u00ebn dhe Bosnjen, p\u00ebrpara se t\u00eb b\u00ebhet shk\u00ebputja e Republik\u00ebs Srpska\u201d, tha ai.<\/p>\n<p>Analisti b\u00ebri apel dhe ndaj Shqip\u00ebris\u00eb, Maqedonis\u00eb s\u00eb Veriut dhe Malit t\u00eb Zi q\u00eb t\u00eb p\u00ebrgatiten p\u00ebr t\u2019i treguar Serbis\u00eb se nuk mund t\u00eb kryej aksione ushtarake me q\u00ebllim ndryshimin e kufij\u00ebve.<\/p>\n<p>\u201cT\u00eb gjitha ushtrit\u00eb e Ballkanit t\u00eb jen\u00eb t\u00eb gatshme p\u00ebr t\u00eb mbrojtur Kosov\u00ebn. T\u00eb jen\u00eb Shqip\u00ebria dhe Maqedonia t\u00eb sigurohen dhe t\u2019i tregojn\u00eb Serbis\u00eb se nj\u00eb gj\u00eb e till\u00eb nuk mund t\u00eb b\u00ebhet. P\u00ebr Serbin\u00eb skenari m\u00eb i mir\u00eb \u00ebsht\u00eb t\u00eb shk\u00ebputet nga Rusia. Nuk duhet q\u00eb Serbia t\u00eb kthehet n\u00eb Bjellorusin\u00eb e re. N\u00eb zgjedhjet e fundit n\u00eb Bjellorusi Lukashenko i humbi zgjedhjet dhe ai vazhdon t\u00eb jet\u00eb n\u00eb pushtet. Serbia sot \u00ebsht\u00eb Bjellorusia e Ballkanit dhe prova m\u00eb e mir\u00eb p\u00ebr k\u00ebt\u00eb \u00ebsht\u00eb kur presidenti kritikon popullin e tij nj\u00eb dit\u00eb pas zgjedhjeve\u201d, pohoi ai n\u00eb Euronews Albania.<\/p>\n<p>Fehlinger theksoi se dy jav\u00ebt e ardhshme do t\u00eb jen\u00eb t\u00eb v\u00ebshtira p\u00ebr Ballkanin, ndaj apeloi q\u00eb SHBA t\u00eb shtoj\u00eb trupat dhe t\u2019i tregoj\u00eb vendin Serbis\u00eb n\u00ebse do t\u00eb b\u00ebj\u00eb p\u00ebrpjekje p\u00ebr t\u00eb marr\u00eb territore.<\/p>\n<p>\u201cDy jav\u00ebt e ardhshme do t\u00eb jen\u00eb shum\u00eb t\u00eb v\u00ebshtira. Rusia do q\u00eb t\u00eb ket\u00eb Serbin\u00eb gjithmon\u00eb n\u00eb an\u00ebn e saj, deri tani ka qen\u00eb e sukseshme, por dhe vet\u00eb Rusia \u00ebsht\u00eb n\u00eb prag t\u00eb kolapsit ekonomik dhe gj\u00ebja e fundit q\u00eb i duhen, jan\u00eb sanksionet nga Serbia. Prania ruse dhe bashk\u00ebpunimi q\u00eb po i ofron Serbia p\u00ebrb\u00ebn rrezikun m\u00eb t\u00eb madh n\u00eb Ballkan. Serbia k\u00ebrkon ta kthej\u00eb Kosov\u00ebn n\u00eb nj\u00eb lloj Donbasi, ndaj duhet nj\u00eb prani m\u00eb e madhe e trupave t\u00eb SHBA n\u00eb Ballkan p\u00ebr t\u2019i treguar Serbis\u00eb se \u00e7do p\u00ebrpjekje p\u00ebr t\u00eb marr\u00eb territore do t\u00eb marr\u00eb p\u00ebrgjigjen e merituar, kjo \u00ebsht\u00eb m\u00ebnyra e vetme p\u00ebr ruajtjen e paqes\u201d, tha analisti.<\/p>\n","protected":false},"excerpt":{"rendered":"<p>Jav\u00ebn e kaluar ishte kryeministri, Albin Kurti ai i cili paralajm\u00ebroi se n\u00eb Kosov\u00eb mund&#8230;<\/p>\n","protected":false},"author":1,"featured_media":0,"comment_status":"open","ping_status":"open","sticky":false,"template":"","format":"standard","meta":{"om_disable_all_campaigns":false,"_monsterinsights_skip_tracking":false,"_monsterinsights_sitenote_active":false,"_monsterinsights_sitenote_note":"","_monsterinsights_sitenote_category":0,"_uf_show_specific_survey":0,"_uf_disable_surveys":false,"footnotes":""},"categories":[1],"tags":[],"class_list":["post-6935","post","type-post","status-publish","format-standard","hentry","category-uncategorized"],"aioseo_notices":[],"views":52,"_links":{"self":[{"href":"https:\/\/used82.com\/index.php?rest_route=\/wp\/v2\/posts\/6935","targetHints":{"allow":["GET"]}}],"collection":[{"href":"https:\/\/used82.com\/index.php?rest_route=\/wp\/v2\/posts"}],"about":[{"href":"https:\/\/used82.com\/index.php?rest_route=\/wp\/v2\/types\/post"}],"author":[{"embeddable":true,"href":"https:\/\/used82.com\/index.php?rest_route=\/wp\/v2\/users\/1"}],"replies":[{"embeddable":true,"href":"https:\/\/used82.com\/index.php?rest_route=%2Fwp%2Fv2%2Fcomments&post=6935"}],"version-history":[{"count":0,"href":"https:\/\/used82.com\/index.php?rest_route=\/wp\/v2\/posts\/6935\/revisions"}],"wp:attachment":[{"href":"https:\/\/used82.com\/index.php?rest_route=%2Fwp%2Fv2%2Fmedia&parent=6935"}],"wp:term":[{"taxonomy":"category","embeddable":true,"href":"https:\/\/used82.com\/index.php?rest_route=%2Fwp%2Fv2%2Fcategories&post=6935"},{"taxonomy":"post_tag","embeddable":true,"href":"https:\/\/used82.com\/index.php?rest_route=%2Fwp%2Fv2%2Ftags&post=6935"}],"curies":[{"name":"wp","href":"https:\/\/api.w.org\/{rel}","templated":true}]}}