{"id":6937,"date":"2023-12-29T21:20:57","date_gmt":"2023-12-29T21:20:57","guid":{"rendered":"https:\/\/used82.com\/?p=6937"},"modified":"2023-12-29T21:20:57","modified_gmt":"2023-12-29T21:20:57","slug":"paralajmerimi-i-frances-kercenimet-per-sulme-terroriste-ne-naten-e-vitit-te-ri","status":"publish","type":"post","link":"https:\/\/used82.com\/?p=6937","title":{"rendered":"Paralajm\u00ebrimi i Franc\u00ebs\/ K\u00ebrc\u00ebnimet p\u00ebr sulme terroriste n\u00eb nat\u00ebn e Vitit t\u00eb Ri"},"content":{"rendered":"<p>Autoritetet franceze kan\u00eb paralajm\u00ebruar se do t\u00eb ket\u00eb sulme terroriste gjat\u00eb nat\u00ebs s\u00eb Vitit t\u00eb Ri, p\u00ebr shkak t\u00eb luft\u00ebs n\u00eb Gaza.<\/p>\n<div class=\"code-block code-block-6\">\n<p>Sipas mediave t\u00eb huaja Gerard Darmanin, ministri i brendsh\u00ebm francez, ka b\u00ebr\u00eb me dije se 90,000 polic\u00eb dhe xhandar\u00eb do t\u00eb vendosen n\u00eb t\u00eb gjith\u00eb vendin gjat\u00eb festimeve.<\/p>\n<p>\u201cKam k\u00ebrkuar nj\u00eb mobilizim shum\u00eb t\u00eb fort\u00eb t\u00eb forcave t\u00eb policis\u00eb dhe xhandarm\u00ebris\u00eb n\u00eb kontekstin e nj\u00eb k\u00ebrc\u00ebnimi shum\u00eb t\u00eb lart\u00eb terrorist, natyrisht p\u00ebr shkak t\u00eb asaj q\u00eb po ndodh n\u00eb Izrael dhe Palestin\u00eb \u201d tha zoti Darmanin.<\/p>\n<div class=\"code-block code-block-2\">\n<p>Rreth 5,000 ushtar\u00eb nga Operacioni Sentinel, nj\u00eb operacion ushtarak q\u00eb synon mbrojtjen e francez\u00ebve nga k\u00ebrc\u00ebnimet terroriste, dhe 35,000 zjarrfik\u00ebs do t\u00eb jen\u00eb n\u00eb gatishm\u00ebri.<\/p>\n<p>N\u00eb Paris, ku deri n\u00eb 1.5 milion\u00eb njer\u00ebz pritet t\u00eb zbresin n\u00eb Champs-Elysees p\u00ebr nat\u00ebn e nd\u00ebrrimit t\u00eb viteve, 6000 oficer\u00eb do t\u00eb jen\u00eb n\u00eb patrull\u00eb. Policia do t\u00eb lejohet t\u00eb p\u00ebrdor\u00eb dron p\u00ebr her\u00eb t\u00eb par\u00eb si pjes\u00eb e operacioneve t\u00eb saj.<\/p>\n<p>Nd\u00ebrkoh\u00eb, n\u00eb Gjermani, autoritetet kan\u00eb shpallur nj\u00eb nga operacionet m\u00eb t\u00eb m\u00ebdha policore n\u00eb vite, teksa p\u00ebrpiqen t\u00eb sigurojn\u00eb rrug\u00ebt e Berlinit.<\/p>\n<p>Nancy Faeser, ministrja e Brendshme gjermane, tha se ishte \u201ce shqet\u00ebsuar se nata e Vitit t\u00eb Ri mund t\u00eb jet\u00eb edhe nj\u00eb her\u00eb nj\u00eb dit\u00eb n\u00eb t\u00eb cil\u00ebn do p\u00ebrjetojm\u00eb dhun\u00eb\u201d.<\/p>\n<\/div>\n<\/div>\n","protected":false},"excerpt":{"rendered":"<p>Autoritetet franceze kan\u00eb paralajm\u00ebruar se do t\u00eb ket\u00eb sulme terroriste gjat\u00eb nat\u00ebs s\u00eb Vitit t\u00eb&#8230;<\/p>\n","protected":false},"author":1,"featured_media":0,"comment_status":"open","ping_status":"open","sticky":false,"template":"","format":"standard","meta":{"om_disable_all_campaigns":false,"_monsterinsights_skip_tracking":false,"_monsterinsights_sitenote_active":false,"_monsterinsights_sitenote_note":"","_monsterinsights_sitenote_category":0,"_uf_show_specific_survey":0,"_uf_disable_surveys":false,"footnotes":""},"categories":[1],"tags":[],"class_list":["post-6937","post","type-post","status-publish","format-standard","hentry","category-uncategorized"],"aioseo_notices":[],"views":64,"_links":{"self":[{"href":"https:\/\/used82.com\/index.php?rest_route=\/wp\/v2\/posts\/6937","targetHints":{"allow":["GET"]}}],"collection":[{"href":"https:\/\/used82.com\/index.php?rest_route=\/wp\/v2\/posts"}],"about":[{"href":"https:\/\/used82.com\/index.php?rest_route=\/wp\/v2\/types\/post"}],"author":[{"embeddable":true,"href":"https:\/\/used82.com\/index.php?rest_route=\/wp\/v2\/users\/1"}],"replies":[{"embeddable":true,"href":"https:\/\/used82.com\/index.php?rest_route=%2Fwp%2Fv2%2Fcomments&post=6937"}],"version-history":[{"count":0,"href":"https:\/\/used82.com\/index.php?rest_route=\/wp\/v2\/posts\/6937\/revisions"}],"wp:attachment":[{"href":"https:\/\/used82.com\/index.php?rest_route=%2Fwp%2Fv2%2Fmedia&parent=6937"}],"wp:term":[{"taxonomy":"category","embeddable":true,"href":"https:\/\/used82.com\/index.php?rest_route=%2Fwp%2Fv2%2Fcategories&post=6937"},{"taxonomy":"post_tag","embeddable":true,"href":"https:\/\/used82.com\/index.php?rest_route=%2Fwp%2Fv2%2Ftags&post=6937"}],"curies":[{"name":"wp","href":"https:\/\/api.w.org\/{rel}","templated":true}]}}