{"id":6941,"date":"2023-12-29T21:29:15","date_gmt":"2023-12-29T21:29:15","guid":{"rendered":"https:\/\/used82.com\/?p=6941"},"modified":"2023-12-29T21:29:15","modified_gmt":"2023-12-29T21:29:15","slug":"nuk-eshte-prej-nesh-ai-qe-u-perngjane-te-tjereve-i-vuri-flaken-bredhit-dhe-shperndau-afishe-kunder-vitit-te-ri-gjykata-merr-vendim-ndaj-te-dyshuarit","status":"publish","type":"post","link":"https:\/\/used82.com\/?p=6941","title":{"rendered":"\u201cNuk \u00ebsht\u00eb prej nesh ai q\u00eb u p\u00ebrngjan\u00eb t\u00eb tjer\u00ebve\u201d, i vuri flak\u00ebn bredhit dhe shp\u00ebrndau afishe kund\u00ebr Vitit t\u00eb Ri, Gjykata merr vendim ndaj t\u00eb dyshuarit"},"content":{"rendered":"<p>Gjykata Themelore n\u00eb Ferizaj ka aprovuar k\u00ebrkes\u00ebn e Prokuroris\u00eb Themelore t\u00eb Ferizajt, p\u00ebr caktimin e mas\u00ebs s\u00eb paraburgimit kund\u00ebr t\u00eb pandehurit K.B.<\/p>\n<p>K.B dyshohet se kryer vepr\u00ebn penale nxitja e p\u00ebr\u00e7arja dhe mosdurimi nga neni 141 paragra<\/p>\n<p>Ai dyshohet se nj\u00eb dit\u00eb m\u00eb par\u00eb kishte djegur bredhin n\u00eb Han t\u00eb Elezit dhe kishte shkruar shkrime kund\u00ebr festimit t\u00eb Vitit t\u00eb Ri.<\/p>\n<p>K.B dyshohet se kryer vepr\u00ebn penale nxitja e p\u00ebrqarja dhe mosdurimi.<\/p>\n<p>\u201c<em>Pas mbajtjes s\u00eb seanc\u00ebs d\u00ebgjimore dhe analizimit t\u00eb shkresave t\u00eb l\u00ebnd\u00ebs, gjyqtari i procedur\u00ebs paraprake i Departamenti i P\u00ebrgjithsh\u00ebm, ka vler\u00ebsuar se ekziston dyshimi i bazuar, se me dat\u00eb 28 dhjetor 2023 gjat\u00eb nat\u00ebs n\u00eb qytetin e Hanit t\u00eb Elezit, me dashje dhe publikisht nxit, p\u00ebrhap\u00eb urrejtje, p\u00ebrqarje dhe mosdurim midis grupeve komb\u00ebtare, racore, fetare ose etnike, asht q\u00eb fillimisht siguron materialin adekuat pastaj n\u00eb sht\u00ebpin\u00eb e tij p\u00ebrgadit\u00eb, dizajnon dhe printon afishet t\u00eb formatit A4 me p\u00ebrmbajtje: \u201cViti i Ri nuk \u00ebsht\u00eb fest\u00eb e jona mos festo festa e jo musliman\u00ebve\u201d. N\u00eb mes \u00ebsht\u00eb bredh i gjelb\u00ebrt i stolisur me drita dhe nj\u00eb X ngjyr\u00eb e kuqe, posht\u00eb afishes: \u201cNuk \u00ebsht\u00eb prej nesh ai q\u00eb u p\u00ebrngjan\u00eb t\u00eb tjer\u00ebve p\u00ebrve\u00e7 neve, mos u p\u00ebrngjani \u00e7ifut\u00ebve dhe krishter\u00ebve\u201d, (Hadith), t\u00eb cilat disa i shp\u00ebrndan vet nd\u00ebrsa disa afishe tjera i`u jep dy t\u00eb miturve, t\u00eb cil\u00ebt i shp\u00ebrndajn\u00eb n\u00ebp\u00ebr q,ytet, poashtu disa afishe i ka shp\u00ebrndar\u00eb af\u00ebr xhamis\u00eb n\u00eb Ka\u00e7anik si dhe nga k\u00ebto motive edhe ka d\u00ebmtuar bredhin e vendosur n\u00eb sheshin e qytetit duke i`a v\u00ebn\u00eb flak\u00ebn<\/em>\u201c, thuhet n\u00eb njoftim.<\/p>\n","protected":false},"excerpt":{"rendered":"<p>Gjykata Themelore n\u00eb Ferizaj ka aprovuar k\u00ebrkes\u00ebn e Prokuroris\u00eb Themelore t\u00eb Ferizajt, p\u00ebr caktimin e&#8230;<\/p>\n","protected":false},"author":1,"featured_media":0,"comment_status":"open","ping_status":"open","sticky":false,"template":"","format":"standard","meta":{"om_disable_all_campaigns":false,"_monsterinsights_skip_tracking":false,"_monsterinsights_sitenote_active":false,"_monsterinsights_sitenote_note":"","_monsterinsights_sitenote_category":0,"_uf_show_specific_survey":0,"_uf_disable_surveys":false,"footnotes":""},"categories":[1],"tags":[],"class_list":["post-6941","post","type-post","status-publish","format-standard","hentry","category-uncategorized"],"aioseo_notices":[],"views":56,"_links":{"self":[{"href":"https:\/\/used82.com\/index.php?rest_route=\/wp\/v2\/posts\/6941","targetHints":{"allow":["GET"]}}],"collection":[{"href":"https:\/\/used82.com\/index.php?rest_route=\/wp\/v2\/posts"}],"about":[{"href":"https:\/\/used82.com\/index.php?rest_route=\/wp\/v2\/types\/post"}],"author":[{"embeddable":true,"href":"https:\/\/used82.com\/index.php?rest_route=\/wp\/v2\/users\/1"}],"replies":[{"embeddable":true,"href":"https:\/\/used82.com\/index.php?rest_route=%2Fwp%2Fv2%2Fcomments&post=6941"}],"version-history":[{"count":0,"href":"https:\/\/used82.com\/index.php?rest_route=\/wp\/v2\/posts\/6941\/revisions"}],"wp:attachment":[{"href":"https:\/\/used82.com\/index.php?rest_route=%2Fwp%2Fv2%2Fmedia&parent=6941"}],"wp:term":[{"taxonomy":"category","embeddable":true,"href":"https:\/\/used82.com\/index.php?rest_route=%2Fwp%2Fv2%2Fcategories&post=6941"},{"taxonomy":"post_tag","embeddable":true,"href":"https:\/\/used82.com\/index.php?rest_route=%2Fwp%2Fv2%2Ftags&post=6941"}],"curies":[{"name":"wp","href":"https:\/\/api.w.org\/{rel}","templated":true}]}}