{"id":6953,"date":"2023-12-30T11:06:51","date_gmt":"2023-12-30T11:06:51","guid":{"rendered":"https:\/\/used82.com\/?p=6953"},"modified":"2023-12-30T11:06:51","modified_gmt":"2023-12-30T11:06:51","slug":"haradinaj-pas-takimit-me-kategorite-e-dala-nga-lufta-kurti-po-i-neperkembe-vlerat-e-luftes-po-i-poshteron-edhe-policet-e-ushtaret","status":"publish","type":"post","link":"https:\/\/used82.com\/?p=6953","title":{"rendered":"Haradinaj pas takimit me kategorit\u00eb e dala nga lufta: Kurti po i n\u00ebp\u00ebrk\u00ebmb\u00eb vlerat e luft\u00ebs, po i posht\u00ebron edhe polic\u00ebt e ushtar\u00ebt"},"content":{"rendered":"<p>Kryetari i Aleanc\u00ebs p\u00ebr Ardhm\u00ebrin\u00eb e Kosov\u00ebs (AAK), Ramush Haradinaj, tha se po mos t\u00eb ishin luft\u00ebtar\u00ebt e lir\u00ebs, veteran\u00ebt Kosova nuk do t\u00eb ishte e lir\u00eb.<\/p>\n<p>Haradinaj pas vizit\u00ebs q\u00eb u b\u00ebri p\u00ebrfaq\u00ebsuesve t\u00eb kategorive t\u00eb dala nga lufta p\u00ebr nder t\u00eb Dit\u00ebs s\u00eb Veteranit, tha se kjo kategori \u00ebsht\u00eb keqp\u00ebrdorur q\u00eb nga paslufta.<\/p>\n<p>Sipas tij, Kurti po i n\u00ebp\u00ebrk\u00ebmb\u00eb vlerat e luft\u00ebs, duke i dashur m\u00eb shum\u00eb vlerta e t\u00eb tjer\u00ebve. Ai madje tha se kryeministri po i posht\u00ebron e fyen edhe polic\u00ebt e ushtar\u00ebt e po gjen arsyeje q\u00eb mos t\u00eb merret me ta.<\/p>\n<p>\u201cE kam nderi q\u00eb t\u00eb jem n\u00eb zyr\u00ebn e organizuar e dal nga lufta. N\u00eb Kosov\u00eb kan\u00eb ndodhur shum\u00eb padrejt\u00ebsi pas luft\u00ebs, nj\u00eb nga padrejt\u00ebsit\u00eb \u00ebsht\u00eb edhe lakmi, apo marrja me emrin e veteranit iu siguroj se nuk do t\u00eb ishim n\u00eb liri, do t\u00eb ishim n\u00ebn njer\u00ebzit e Arkanit, pa veteran\u00ebt pa ata q\u00eb kan\u00eb luftuar. Edhe liria jon\u00eb nuk \u00ebsht\u00eb e sigurt n\u00ebse ne nuk i vler\u00ebsojm\u00eb dhe nderojm\u00eb si duhet\u00a0 vlerat e liris\u00eb\u201d.<\/p>\n<p>\u201cP\u00ebr fat t\u00eb keq kemi mb\u00ebrri n\u00eb nj\u00eb koh\u00eb kur kryetari i Qeveris\u00eb \u00ebsht\u00eb m\u00eb i dashur me vlerta e t\u00eb tjer\u00ebve se me vlerat e veta, me vlerat e liris\u00eb s\u00eb vet, me U\u00c7K-n\u00eb, me ushtrin\u00eb e vet me policin\u00eb e vet, n\u00eb secil\u00ebn situat\u00eb ai gjen arsyeje me i posht\u00ebruar, me i\u00a0 n\u00ebp\u00ebrk\u00ebmb\u00eb, e fyer. Un\u00eb besoj q\u00eb kurr\u00eb m\u00eb t\u00eb fort\u00eb nuk kemi qen\u00eb, ata q\u00eb i duna vlerat e liris\u00eb q\u00eb e duan atdheun, kurr\u00eb m\u00eb t\u00eb fort\u00eb nuk kemi qen\u00eb\u201d.<\/p>\n","protected":false},"excerpt":{"rendered":"<p>Kryetari i Aleanc\u00ebs p\u00ebr Ardhm\u00ebrin\u00eb e Kosov\u00ebs (AAK), Ramush Haradinaj, tha se po mos t\u00eb&#8230;<\/p>\n","protected":false},"author":1,"featured_media":0,"comment_status":"open","ping_status":"open","sticky":false,"template":"","format":"standard","meta":{"om_disable_all_campaigns":false,"_monsterinsights_skip_tracking":false,"_monsterinsights_sitenote_active":false,"_monsterinsights_sitenote_note":"","_monsterinsights_sitenote_category":0,"_uf_show_specific_survey":0,"_uf_disable_surveys":false,"footnotes":""},"categories":[1],"tags":[],"class_list":["post-6953","post","type-post","status-publish","format-standard","hentry","category-uncategorized"],"aioseo_notices":[],"views":60,"_links":{"self":[{"href":"https:\/\/used82.com\/index.php?rest_route=\/wp\/v2\/posts\/6953","targetHints":{"allow":["GET"]}}],"collection":[{"href":"https:\/\/used82.com\/index.php?rest_route=\/wp\/v2\/posts"}],"about":[{"href":"https:\/\/used82.com\/index.php?rest_route=\/wp\/v2\/types\/post"}],"author":[{"embeddable":true,"href":"https:\/\/used82.com\/index.php?rest_route=\/wp\/v2\/users\/1"}],"replies":[{"embeddable":true,"href":"https:\/\/used82.com\/index.php?rest_route=%2Fwp%2Fv2%2Fcomments&post=6953"}],"version-history":[{"count":0,"href":"https:\/\/used82.com\/index.php?rest_route=\/wp\/v2\/posts\/6953\/revisions"}],"wp:attachment":[{"href":"https:\/\/used82.com\/index.php?rest_route=%2Fwp%2Fv2%2Fmedia&parent=6953"}],"wp:term":[{"taxonomy":"category","embeddable":true,"href":"https:\/\/used82.com\/index.php?rest_route=%2Fwp%2Fv2%2Fcategories&post=6953"},{"taxonomy":"post_tag","embeddable":true,"href":"https:\/\/used82.com\/index.php?rest_route=%2Fwp%2Fv2%2Ftags&post=6953"}],"curies":[{"name":"wp","href":"https:\/\/api.w.org\/{rel}","templated":true}]}}