{"id":6967,"date":"2023-12-30T11:50:03","date_gmt":"2023-12-30T11:50:03","guid":{"rendered":"https:\/\/used82.com\/?p=6967"},"modified":"2023-12-30T11:50:03","modified_gmt":"2023-12-30T11:50:03","slug":"sali-berisha-ne-arrest-shtepie-gjkko-pranon-kerkesen-e-spak","status":"publish","type":"post","link":"https:\/\/used82.com\/?p=6967","title":{"rendered":"Sali Berisha n\u00eb arrest sht\u00ebpie\/ GJKKO pranon k\u00ebrkes\u00ebn e SPAK"},"content":{"rendered":"<p>GJKKO izolon Sali Berish\u00ebn. Gjyqtarja Irena Gjoka shpalli sot vendimin, duke pranuar k\u00ebrkes\u00ebn e SPAK p\u00ebr ashp\u00ebrsimin e mas\u00ebs s\u00eb siguris\u00eb p\u00ebr ish kryministrin.<\/p>\n<p>Nga sot Sali Berisha, do t\u00eb q\u00ebndroj\u00eb n\u00eb arrest sht\u00ebpie. Mbetet p\u00ebr t\u2019u par\u00eb n\u00ebse k\u00ebrkesa e SPAK \u00ebsht\u00eb miratuar n\u00eb t\u00ebr\u00ebsin\u00eb saj, krahas arrestit sht\u00ebpiak, GJKKO ka k\u00ebrkuar mbik\u00ebqyrje policore dhe t\u00eb mos ket\u00eb asnj\u00eb komunikim me persona t\u00eb tjer\u00eb ve\u00e7 familjar\u00ebve n\u00eb banes\u00eb.<\/p>\n<p>Prokuroria e Posa\u00e7me ka marr\u00eb autorizim nga Kuvendi p\u00ebr t\u00eb ngritur mas\u00ebn e arrestit ndaj-ish kryeministrit Sali Berisha, person n\u00ebn hetim p\u00ebr \u00e7\u00ebshtjen Partizani, nga detyrim paraqitje, q\u00eb ai nuk e respektoi n\u00eb arrest sht\u00ebpie me mbik\u00ebqyrje policore dhe t\u00eb mos ket\u00eb asnj\u00eb komunikim me persona t\u00eb tjer\u00eb ve\u00e7 familjar\u00ebve n\u00eb banes\u00eb.<\/p>\n<p>Ish kryeminstri Sali Berisha \u00ebsht\u00eb person n\u00ebn hetim n\u00eb \u00e7\u00ebshtjen mbi procedurat e privatizimit t\u00eb ish kompleksit Sportiv Partizani, i cili dyshohet nga SPAK p\u00ebr korrupsion pasiv, duke favorizuar dh\u00ebndrrin e tij, Jamarb\u00ebr Malltezi, nj\u00eb nga pronar\u00ebt e atij trualli, ku m\u00eb pas u nd\u00ebrtuan nj\u00eb grup pallatesh.<\/p>\n","protected":false},"excerpt":{"rendered":"<p>GJKKO izolon Sali Berish\u00ebn. Gjyqtarja Irena Gjoka shpalli sot vendimin, duke pranuar k\u00ebrkes\u00ebn e SPAK&#8230;<\/p>\n","protected":false},"author":1,"featured_media":0,"comment_status":"open","ping_status":"open","sticky":false,"template":"","format":"standard","meta":{"om_disable_all_campaigns":false,"_monsterinsights_skip_tracking":false,"_monsterinsights_sitenote_active":false,"_monsterinsights_sitenote_note":"","_monsterinsights_sitenote_category":0,"_uf_show_specific_survey":0,"_uf_disable_surveys":false,"footnotes":""},"categories":[1],"tags":[],"class_list":["post-6967","post","type-post","status-publish","format-standard","hentry","category-uncategorized"],"aioseo_notices":[],"views":61,"_links":{"self":[{"href":"https:\/\/used82.com\/index.php?rest_route=\/wp\/v2\/posts\/6967","targetHints":{"allow":["GET"]}}],"collection":[{"href":"https:\/\/used82.com\/index.php?rest_route=\/wp\/v2\/posts"}],"about":[{"href":"https:\/\/used82.com\/index.php?rest_route=\/wp\/v2\/types\/post"}],"author":[{"embeddable":true,"href":"https:\/\/used82.com\/index.php?rest_route=\/wp\/v2\/users\/1"}],"replies":[{"embeddable":true,"href":"https:\/\/used82.com\/index.php?rest_route=%2Fwp%2Fv2%2Fcomments&post=6967"}],"version-history":[{"count":0,"href":"https:\/\/used82.com\/index.php?rest_route=\/wp\/v2\/posts\/6967\/revisions"}],"wp:attachment":[{"href":"https:\/\/used82.com\/index.php?rest_route=%2Fwp%2Fv2%2Fmedia&parent=6967"}],"wp:term":[{"taxonomy":"category","embeddable":true,"href":"https:\/\/used82.com\/index.php?rest_route=%2Fwp%2Fv2%2Fcategories&post=6967"},{"taxonomy":"post_tag","embeddable":true,"href":"https:\/\/used82.com\/index.php?rest_route=%2Fwp%2Fv2%2Ftags&post=6967"}],"curies":[{"name":"wp","href":"https:\/\/api.w.org\/{rel}","templated":true}]}}