{"id":6971,"date":"2023-12-30T16:18:20","date_gmt":"2023-12-30T16:18:20","guid":{"rendered":"https:\/\/used82.com\/?p=6971"},"modified":"2023-12-30T16:18:20","modified_gmt":"2023-12-30T16:18:20","slug":"rama-marredhenia-me-vuciqin-nuk-ka-asgje-tjeter-pervec-interesit-te-shqiperise","status":"publish","type":"post","link":"https:\/\/used82.com\/?p=6971","title":{"rendered":"Rama: Marr\u00ebdh\u00ebnia me Vu\u00e7iqin nuk ka asgj\u00eb tjet\u00ebr p\u00ebrve\u00e7 interesit t\u00eb Shqip\u00ebris\u00eb"},"content":{"rendered":"<p><strong><em>Kryeministri i Shqip\u00ebris\u00eb, Edi Rama, tha se marr\u00ebdh\u00ebnia me Presidentin e Serbis\u00eb, Aleksand\u00ebr Vu\u00e7iq \u00ebsht\u00eb vet\u00ebm n\u00eb interes t\u00eb Shqip\u00ebris\u00eb dhe rajonit.<\/em><\/strong><\/p>\n<p>Gjat\u00eb fjal\u00ebs s\u00eb tij n\u00eb konferenc\u00ebn e fundvitit me gazetar\u00ebt, kryeministri Rama ka deklaruar se \u201cn\u00eb k\u00ebt\u00eb bot\u00eb duhet folur me t\u00eb gjith\u00eb\u201d.<\/p>\n<p>\u201cMarr\u00ebdh\u00ebnia me Presidentin e Serbis\u00eb, nj\u00eb marr\u00ebdh\u00ebnie q\u00eb nuk ka asgj\u00eb tjet\u00ebr p\u00ebrve\u00e7 interesit t\u00eb Shqip\u00ebris\u00eb dhe interesit t\u00eb rajonit. Q\u00ebndrimi yn\u00eb ka qen\u00eb shum\u00eb i qart\u00eb dhe nuk ka pasur asnj\u00ebher\u00eb luhatje, qoft\u00eb kur ka qen\u00eb rasti p\u00ebr t\u00eb th\u00ebn\u00eb me z\u00eb t\u00eb lart\u00eb se Serbia nuk duhej sanksionuar si rezultat i mossanksionimit t\u00eb Serbis\u00eb, ashtu edhe kur Serbia b\u00ebri nj\u00eb akt flagrant kund\u00ebr t\u00eb gjith\u00eb vlerave evropiane me shpalljen e zis\u00eb p\u00ebr kriminel\u00ebt, si dhe p\u00ebr vet\u00eb aktin e terrorit n\u00eb Banjsk\u00eb\u201d, ka theksuar Rama.<\/p>\n","protected":false},"excerpt":{"rendered":"<p>Kryeministri i Shqip\u00ebris\u00eb, Edi Rama, tha se marr\u00ebdh\u00ebnia me Presidentin e Serbis\u00eb, Aleksand\u00ebr Vu\u00e7iq \u00ebsht\u00eb&#8230;<\/p>\n","protected":false},"author":1,"featured_media":0,"comment_status":"open","ping_status":"open","sticky":false,"template":"","format":"standard","meta":{"om_disable_all_campaigns":false,"_monsterinsights_skip_tracking":false,"_monsterinsights_sitenote_active":false,"_monsterinsights_sitenote_note":"","_monsterinsights_sitenote_category":0,"_uf_show_specific_survey":0,"_uf_disable_surveys":false,"footnotes":""},"categories":[1],"tags":[],"class_list":["post-6971","post","type-post","status-publish","format-standard","hentry","category-uncategorized"],"aioseo_notices":[],"views":54,"_links":{"self":[{"href":"https:\/\/used82.com\/index.php?rest_route=\/wp\/v2\/posts\/6971","targetHints":{"allow":["GET"]}}],"collection":[{"href":"https:\/\/used82.com\/index.php?rest_route=\/wp\/v2\/posts"}],"about":[{"href":"https:\/\/used82.com\/index.php?rest_route=\/wp\/v2\/types\/post"}],"author":[{"embeddable":true,"href":"https:\/\/used82.com\/index.php?rest_route=\/wp\/v2\/users\/1"}],"replies":[{"embeddable":true,"href":"https:\/\/used82.com\/index.php?rest_route=%2Fwp%2Fv2%2Fcomments&post=6971"}],"version-history":[{"count":0,"href":"https:\/\/used82.com\/index.php?rest_route=\/wp\/v2\/posts\/6971\/revisions"}],"wp:attachment":[{"href":"https:\/\/used82.com\/index.php?rest_route=%2Fwp%2Fv2%2Fmedia&parent=6971"}],"wp:term":[{"taxonomy":"category","embeddable":true,"href":"https:\/\/used82.com\/index.php?rest_route=%2Fwp%2Fv2%2Fcategories&post=6971"},{"taxonomy":"post_tag","embeddable":true,"href":"https:\/\/used82.com\/index.php?rest_route=%2Fwp%2Fv2%2Ftags&post=6971"}],"curies":[{"name":"wp","href":"https:\/\/api.w.org\/{rel}","templated":true}]}}