{"id":6973,"date":"2023-12-30T16:41:42","date_gmt":"2023-12-30T16:41:42","guid":{"rendered":"https:\/\/used82.com\/?p=6973"},"modified":"2023-12-30T16:41:42","modified_gmt":"2023-12-30T16:41:42","slug":"nje-muaj-nga-vrasja-e-liridona-ademajt-vellai-del-me-nje-reagim-publik","status":"publish","type":"post","link":"https:\/\/used82.com\/?p=6973","title":{"rendered":"Nj\u00eb muaj nga vrasja e Liridona Ademajt, v\u00ebllai del me nj\u00eb reagim publik"},"content":{"rendered":"<p><strong>Mbr\u00ebmjen e 29 n\u00ebntorit, Kosova \u00ebsht\u00eb tronditur nga vrasja e Liridona Ademajt. Ajo u vra me arm\u00eb zjarri n\u00eb rrug\u00ebn \u201cDalip Alshiqi\u201d n\u00eb Prishtin\u00eb. Sot, v\u00ebllau i t\u00eb ndjer\u00ebs, Leonard Ademaj tha se ky vit p\u00ebr ta \u00ebsht\u00eb vit i kobsh\u00ebm dhe se vet\u00ebm shpresa prej drejt\u00ebsi i mban\u00eb gjall\u00eb, raporton Insajderi.<\/strong><\/p>\n<p>Ademaj p\u00ebrmes nj\u00eb postimi n\u00eb Facebook tha se kishin shum\u00eb plane bashk\u00eb me motr\u00ebn Liridon\u00ebn dhe se \u00e7do kujtim t\u00eb saj do ta ruajn\u00eb.<\/p>\n<p>\u201c<em>Ka kaluar nj\u00eb muaj q\u00eb kur se \u00ebsht\u00eb vrar\u00eb Liridona jon\u00eb. Kishim shum\u00eb plane bashk\u00eb\u2026 K\u00ebto dit\u00eb i gjetem n\u00eb sht\u00ebpi ballonat q\u00eb i pati ble me ia festu djalit dit\u00eblindjen. Do t\u2019i ruajm\u00eb ashtu si\u00e7 e ruajm\u00eb \u00e7do kujtim. Viti 2023 do t\u00eb mbetet p\u00ebr ne vit i kobsh\u00ebm q\u00eb na e mori Liridon\u00ebn dhe vet\u00ebm shpresa p\u00ebr drejt\u00ebsi po na mban gjall\u00eb<\/em>\u201c, ka shkruar Leonard Ademaj.<\/p>\n<p>Tutje, v\u00ebllai i t\u00eb ndjer\u00ebs i fal\u00ebnderoi t\u00eb gjitha mediat dhe organet e drejt\u00ebsis\u00eb t\u00eb cil\u00ebt po kontribuojn\u00eb n\u00eb zbardhjen e ngjarjes tragjike.<\/p>\n<p>\u201c<em>Duam t\u2019i falenderojm\u00eb t\u00eb gjith\u00eb mediat, shoq\u00ebrin\u00eb civile, hetuesit, prokuror\u00ebt q\u00eb jan\u00eb duke kontribuar n\u00eb informim dhe n\u00eb zbardhjen e k\u00ebtij krimi. Ka pasur raste kur jemi l\u00ebnduar r\u00ebnd\u00eb nga diskutimet dhe raportimet q\u00eb jan\u00eb b\u00ebr\u00eb rreth rastit, me informacione t\u00eb pasakta. Ne shpresojm\u00eb q\u00eb rastet e Liridon\u00ebs dhe grave tjera t\u00eb vrara t\u00eb trajtohen me ndjeshm\u00ebri dhe kujdes m\u00eb t\u00eb madh<\/em>\u201c, u shpreh ai.<\/p>\n<p>Leonard Ademaj tha se do t\u00eb vazhdojn\u00eb t\u00eb avokojn\u00eb p\u00ebr drejt\u00ebsi p\u00ebr Liridon\u00ebn.<\/p>\n<p><iframe loading=\"lazy\" src=\"https:\/\/www.facebook.com\/plugins\/post.php?href=https%3A%2F%2Fwww.facebook.com%2Fnardiademaj%2Fposts%2Fpfbid0k85kPmPQ4XAHLQcsoAPsMwcRaSX5jeNMSVBjQjFt3w8bcZV5JW8SAFswsaqL9eoGl&amp;show_text=true&amp;width=500\" width=\"500\" height=\"653\" frameborder=\"0\" scrolling=\"no\" allowfullscreen=\"allowfullscreen\" data-mce-fragment=\"1\"><\/iframe><\/p>\n<p>Naim Murselit, Granit Plav\u00ebs dhe Kushtrim Kokall\u00ebs u \u00ebsht\u00eb vazhduar masa e paraburgimit edhe p\u00ebr dy muaj.<\/p>\n<p>Lidhur me vrasjen e Liridona Ademajt deri tani jan\u00eb arrestuar kat\u00ebr persona, n\u00eb mesin e tyre \u00ebsht\u00eb edhe bashk\u00ebshorti i saj, Naim Murseli.<\/p>\n","protected":false},"excerpt":{"rendered":"<p>Mbr\u00ebmjen e 29 n\u00ebntorit, Kosova \u00ebsht\u00eb tronditur nga vrasja e Liridona Ademajt. Ajo u vra&#8230;<\/p>\n","protected":false},"author":1,"featured_media":0,"comment_status":"open","ping_status":"open","sticky":false,"template":"","format":"standard","meta":{"om_disable_all_campaigns":false,"_monsterinsights_skip_tracking":false,"_monsterinsights_sitenote_active":false,"_monsterinsights_sitenote_note":"","_monsterinsights_sitenote_category":0,"_uf_show_specific_survey":0,"_uf_disable_surveys":false,"footnotes":""},"categories":[1],"tags":[],"class_list":["post-6973","post","type-post","status-publish","format-standard","hentry","category-uncategorized"],"aioseo_notices":[],"views":52,"_links":{"self":[{"href":"https:\/\/used82.com\/index.php?rest_route=\/wp\/v2\/posts\/6973","targetHints":{"allow":["GET"]}}],"collection":[{"href":"https:\/\/used82.com\/index.php?rest_route=\/wp\/v2\/posts"}],"about":[{"href":"https:\/\/used82.com\/index.php?rest_route=\/wp\/v2\/types\/post"}],"author":[{"embeddable":true,"href":"https:\/\/used82.com\/index.php?rest_route=\/wp\/v2\/users\/1"}],"replies":[{"embeddable":true,"href":"https:\/\/used82.com\/index.php?rest_route=%2Fwp%2Fv2%2Fcomments&post=6973"}],"version-history":[{"count":0,"href":"https:\/\/used82.com\/index.php?rest_route=\/wp\/v2\/posts\/6973\/revisions"}],"wp:attachment":[{"href":"https:\/\/used82.com\/index.php?rest_route=%2Fwp%2Fv2%2Fmedia&parent=6973"}],"wp:term":[{"taxonomy":"category","embeddable":true,"href":"https:\/\/used82.com\/index.php?rest_route=%2Fwp%2Fv2%2Fcategories&post=6973"},{"taxonomy":"post_tag","embeddable":true,"href":"https:\/\/used82.com\/index.php?rest_route=%2Fwp%2Fv2%2Ftags&post=6973"}],"curies":[{"name":"wp","href":"https:\/\/api.w.org\/{rel}","templated":true}]}}