{"id":6975,"date":"2023-12-30T16:43:27","date_gmt":"2023-12-30T16:43:27","guid":{"rendered":"https:\/\/used82.com\/?p=6975"},"modified":"2023-12-30T16:43:27","modified_gmt":"2023-12-30T16:43:27","slug":"vazhdon-vala-e-protestave-ne-serbi-kerkohet-anulimi-i-zgjedhjeve","status":"publish","type":"post","link":"https:\/\/used82.com\/?p=6975","title":{"rendered":"Vazhdon vala e protestave n\u00eb Serbi, k\u00ebrkohet anulimi i zgjedhjeve"},"content":{"rendered":"<p>Disa mij\u00ebra protestues dol\u00ebn s\u00ebrish n\u00eb qend\u00ebr t\u00eb kryeqytetit serb, Beograd, t\u00eb shtun\u00ebn p\u00ebr t\u00eb k\u00ebrkuar anulimin e zgjedhjeve t\u00eb 17 dhjetorit.<\/p>\n<p>Protesta u thirr nga iniciativa civile joformale, ProGlas, e nisur nga figura t\u00eb njohura publike.<\/p>\n<p>Organizator\u00ebt than\u00eb se k\u00ebrkesa e ProGlasit \u00ebsht\u00eb q\u00eb brenda gjasht\u00eb muajve t\u00eb mbahen zgjedhjet parlamentare dhe lokale n\u00eb Serbi, \u201cpas procesit t\u00eb ndryshimit rr\u00ebnj\u00ebsor t\u00eb kushteve zgjedhore\u201d.<\/p>\n<p>Ata thon\u00eb se \u00ebsht\u00eb \u201ctradhtuar\u201d vullneti elektoral i qytetar\u00ebve.<\/p>\n<p>N\u00eb Serbi jan\u00eb mbajtur nj\u00eb varg protestash pas zgjedhjeve t\u00eb 17 dhjetorit, t\u00eb nxitura nga akuzat p\u00ebr vjedhje elektorale nga Partia Progresive Serbe (SNS) n\u00eb pushtet, e cila shpalli fitoren n\u00eb t\u00eb gjitha nivelet.<\/p>\n<p>Koalicioni m\u00eb i madh opozitar \u201cSerbia kund\u00ebr dhun\u00ebs\u201d e akuzoi SNS-n\u00eb p\u00ebr vjedhje zgjedhore dhe k\u00ebrkon p\u00ebrs\u00ebritjen e zgjedhjeve.<\/p>\n<p>Autoritetet i kan\u00eb mohuar akuzat.<\/p>\n<p>Nj\u00eb dit\u00eb para protest\u00ebs, m\u00eb 29 dhjetor, Komisioni Republikan i Zgjedhjeve i Serbis\u00eb (KRZ) e hodhi posht\u00eb k\u00ebrkes\u00ebn e koalicionit \u201cSerbia kund\u00ebr dhun\u00ebs\u201d p\u00ebr anulimin e zgjedhjeve.<\/p>\n<p>Dyshime p\u00ebr parregullsin\u00eb e zgjedhjeve shprehu edhe Zyra e OSBE-s\u00eb p\u00ebr Institucione Demokratike dhe t\u00eb Drejtat e Njeriut (ODIHR), e cila m\u00eb 18 dhjetor njoftoi se zgjedhjet u sh\u00ebnuan me parregullsi t\u00eb m\u00ebdha, keqp\u00ebrdorim t\u00eb fondeve publike, dominim mediatik nga presidenti Aleksandar Vu\u00e7iq, fushat\u00eb negative dhe p\u00ebrhapje t\u00eb frik\u00ebs.<\/p>\n<p>Gjithashtu, nj\u00eb pjes\u00eb e eurodeputet\u00ebve k\u00ebrkuan nj\u00eb hetim t\u00eb pavarur t\u00eb t\u00eb gjitha parregullsive t\u00eb raportuara gjat\u00eb zgjedhjeve t\u00eb mbajtura n\u00eb Serbi m\u00eb 17 dhjetor.<\/p>\n<p>Shtetet e Bashkuara t\u00eb Amerik\u00ebs u b\u00ebn\u00eb thirrje autoriteteve n\u00eb Serbi q\u00eb t\u2019i hetojn\u00eb pretendimet e v\u00ebzhguesve nd\u00ebrkomb\u00ebtar\u00eb p\u00ebr parregullsi zgjedhore.<\/p>\n","protected":false},"excerpt":{"rendered":"<p>Disa mij\u00ebra protestues dol\u00ebn s\u00ebrish n\u00eb qend\u00ebr t\u00eb kryeqytetit serb, Beograd, t\u00eb shtun\u00ebn p\u00ebr t\u00eb&#8230;<\/p>\n","protected":false},"author":1,"featured_media":0,"comment_status":"open","ping_status":"open","sticky":false,"template":"","format":"standard","meta":{"om_disable_all_campaigns":false,"_monsterinsights_skip_tracking":false,"_monsterinsights_sitenote_active":false,"_monsterinsights_sitenote_note":"","_monsterinsights_sitenote_category":0,"_uf_show_specific_survey":0,"_uf_disable_surveys":false,"footnotes":""},"categories":[1],"tags":[],"class_list":["post-6975","post","type-post","status-publish","format-standard","hentry","category-uncategorized"],"aioseo_notices":[],"views":53,"_links":{"self":[{"href":"https:\/\/used82.com\/index.php?rest_route=\/wp\/v2\/posts\/6975","targetHints":{"allow":["GET"]}}],"collection":[{"href":"https:\/\/used82.com\/index.php?rest_route=\/wp\/v2\/posts"}],"about":[{"href":"https:\/\/used82.com\/index.php?rest_route=\/wp\/v2\/types\/post"}],"author":[{"embeddable":true,"href":"https:\/\/used82.com\/index.php?rest_route=\/wp\/v2\/users\/1"}],"replies":[{"embeddable":true,"href":"https:\/\/used82.com\/index.php?rest_route=%2Fwp%2Fv2%2Fcomments&post=6975"}],"version-history":[{"count":0,"href":"https:\/\/used82.com\/index.php?rest_route=\/wp\/v2\/posts\/6975\/revisions"}],"wp:attachment":[{"href":"https:\/\/used82.com\/index.php?rest_route=%2Fwp%2Fv2%2Fmedia&parent=6975"}],"wp:term":[{"taxonomy":"category","embeddable":true,"href":"https:\/\/used82.com\/index.php?rest_route=%2Fwp%2Fv2%2Fcategories&post=6975"},{"taxonomy":"post_tag","embeddable":true,"href":"https:\/\/used82.com\/index.php?rest_route=%2Fwp%2Fv2%2Ftags&post=6975"}],"curies":[{"name":"wp","href":"https:\/\/api.w.org\/{rel}","templated":true}]}}