{"id":6979,"date":"2023-12-30T16:48:37","date_gmt":"2023-12-30T16:48:37","guid":{"rendered":"https:\/\/used82.com\/?p=6979"},"modified":"2023-12-30T16:48:37","modified_gmt":"2023-12-30T16:48:37","slug":"sali-berisha-nen-arrest-cfare-pritet-te-ndodhe-nese-ish-kryeministri-nuk-gjendet-ne-banese","status":"publish","type":"post","link":"https:\/\/used82.com\/?p=6979","title":{"rendered":"Sali Berisha n\u00ebn arrest, \u00e7far\u00eb pritet t\u00eb ndodh\u00eb n\u00ebse ish-kryeministri nuk gjendet n\u00eb banes\u00eb"},"content":{"rendered":"<p>GJKKO ka konfirmuar mas\u00ebn e k\u00ebrkuar nga SPAK, duke caktuar mas\u00ebn arrest sht\u00ebpie me mbik\u00ebqyrje policore p\u00ebr ish-kryeministrit Sali Berisha.<\/p>\n<p>Prokurori p\u00ebrpilon urdhrin dhe ia jep tog\u00ebs t\u00eb shoq\u00ebrimit e cila fillimisht vjen n\u00eb banes\u00eb b\u00ebn kontrollin n\u00ebse \u00ebsht\u00eb subjekti, ekzekutohet masa. Gazetarja Dorjana Bezat m\u00ebson se n\u00ebse ish-kryeministri nuk ndodhet n\u00eb banes\u00eb, shpallet n\u00eb k\u00ebrkim policor.<\/p>\n<p>Prej atij atij momenti, kur Berisha t\u00eb jet\u00eb n\u00eb banes\u00eb dhe t\u2019i komunikohet masa, do t\u00eb vihet n\u00eb mbik\u00ebqyrje policore dhe nuk ka t\u00eb drejt\u00eb t\u00eb komunikoj\u00eb me persona jasht\u00eb familjes.<\/p>\n","protected":false},"excerpt":{"rendered":"<p>GJKKO ka konfirmuar mas\u00ebn e k\u00ebrkuar nga SPAK, duke caktuar mas\u00ebn arrest sht\u00ebpie me mbik\u00ebqyrje&#8230;<\/p>\n","protected":false},"author":1,"featured_media":0,"comment_status":"open","ping_status":"open","sticky":false,"template":"","format":"standard","meta":{"om_disable_all_campaigns":false,"_monsterinsights_skip_tracking":false,"_monsterinsights_sitenote_active":false,"_monsterinsights_sitenote_note":"","_monsterinsights_sitenote_category":0,"_uf_show_specific_survey":0,"_uf_disable_surveys":false,"footnotes":""},"categories":[1],"tags":[],"class_list":["post-6979","post","type-post","status-publish","format-standard","hentry","category-uncategorized"],"aioseo_notices":[],"views":57,"_links":{"self":[{"href":"https:\/\/used82.com\/index.php?rest_route=\/wp\/v2\/posts\/6979","targetHints":{"allow":["GET"]}}],"collection":[{"href":"https:\/\/used82.com\/index.php?rest_route=\/wp\/v2\/posts"}],"about":[{"href":"https:\/\/used82.com\/index.php?rest_route=\/wp\/v2\/types\/post"}],"author":[{"embeddable":true,"href":"https:\/\/used82.com\/index.php?rest_route=\/wp\/v2\/users\/1"}],"replies":[{"embeddable":true,"href":"https:\/\/used82.com\/index.php?rest_route=%2Fwp%2Fv2%2Fcomments&post=6979"}],"version-history":[{"count":0,"href":"https:\/\/used82.com\/index.php?rest_route=\/wp\/v2\/posts\/6979\/revisions"}],"wp:attachment":[{"href":"https:\/\/used82.com\/index.php?rest_route=%2Fwp%2Fv2%2Fmedia&parent=6979"}],"wp:term":[{"taxonomy":"category","embeddable":true,"href":"https:\/\/used82.com\/index.php?rest_route=%2Fwp%2Fv2%2Fcategories&post=6979"},{"taxonomy":"post_tag","embeddable":true,"href":"https:\/\/used82.com\/index.php?rest_route=%2Fwp%2Fv2%2Ftags&post=6979"}],"curies":[{"name":"wp","href":"https:\/\/api.w.org\/{rel}","templated":true}]}}