{"id":6983,"date":"2023-12-30T16:51:03","date_gmt":"2023-12-30T16:51:03","guid":{"rendered":"https:\/\/used82.com\/?p=6983"},"modified":"2023-12-30T16:51:03","modified_gmt":"2023-12-30T16:51:03","slug":"kemi-kerkuar-haptazi-sanksionimin-e-serbise-dhe-heqjen-e-masave-per-kosoven-rama-kjo-eshte-marredhenia-ime-me-presidentin-vucic","status":"publish","type":"post","link":"https:\/\/used82.com\/?p=6983","title":{"rendered":"\u201cKemi k\u00ebrkuar haptazi sanksionimin e Serbis\u00eb dhe heqjen e masave p\u00ebr Kosov\u00ebn\u201d- Rama: Kjo \u00ebsht\u00eb marr\u00ebdh\u00ebnia ime me presidentin Vu\u00e7i\u00e7"},"content":{"rendered":"<p>N\u00eb konferenc\u00ebn vjetore, kryeministri Edi Rama ka komentuar edhe marr\u00ebdh\u00ebnien me presidentin e Serbis\u00eb, Aleksand\u00ebr Vu\u00e7i\u00e7, si edhe p\u00ebr sulmin terrorist n\u00eb Banjsk\u00eb.<\/p>\n<p>Rama tha se me Vu\u00e7i\u00e7 ka nj\u00eb marr\u00ebdh\u00ebnie e cila nuk ka asgj\u00eb tjet\u00ebr p\u00ebrve\u00e7 interesit t\u00eb Shqip\u00ebris\u00eb dhe Rajonit.<\/p>\n<p>Ai shtoi se faktin se kjo nuk e ndalon at\u00eb q\u00eb t\u00eb k\u00ebrkoj\u00eb vendosjen e sanksioneve p\u00ebr Serbin\u00eb pas aktit terrorist n\u00eb veri dhe heqjen e masave p\u00ebr Kosov\u00ebn, p\u00ebr shkak se kjo e fundit mori masat p\u00ebr destabilizim t\u00eb situat\u00ebs.<\/p>\n<p>\u201cMarr\u00ebdh\u00ebnia ime me presidentin e Serbis\u00eb \u00ebsht\u00eb nj\u00eb marr\u00ebdh\u00ebnie p\u00ebr t\u00eb cil\u00ebn kam folur disa her\u00eb dhe \u00ebsht\u00eb nj\u00eb marr\u00ebdh\u00ebnie e cila nuk ka asgj\u00eb tjet\u00ebr p\u00ebrve\u00e7 interesit t\u00eb Shqip\u00ebris\u00eb dhe Rajonit.<\/p>\n<p>Natyrisht q\u00eb \u00ebsht\u00eb nj\u00eb marr\u00ebdh\u00ebnie q\u00eb nuk m\u00eb pengon mua dhe ne asnj\u00ebher\u00eb q\u00eb t\u2019i themi t\u00eb bardh\u00ebs, bardh\u00eb dhe t\u00eb zez\u00eb, zez\u00eb. Q\u00ebndrimi yn\u00eb ka qen\u00eb e qart\u00eb dhe nuk ka pasur luhatje, qoft\u00eb kur ka qen\u00eb rasti p\u00ebr t\u00eb th\u00ebn\u00eb me z\u00eb t\u00eb lart\u00eb se Serbia nuk duhej sanksionuar si rezultat i mos sanksionimit t\u00eb Rusis\u00eb, pasi kjo do t\u00eb sillte pasoj\u00eb r\u00eb rrezikshme p\u00ebr Rajonin , ashtu edhe kur Serbia b\u00ebri nj\u00eb akt flagrant kund\u00ebr t\u00eb gjith\u00eb vlerave me shpalljen e zis\u00eb p\u00ebr kriminel\u00ebt e Banjsk\u00eb, si edhe p\u00ebr vet\u00eb aktin e terrorit t\u00eb Banjsk\u00eb.<\/p>\n<p>Kemi k\u00ebrkua haptazi q\u00eb Serbia duhet t\u00eb sanksionuar dhe Kosov\u00ebs duhet t\u2019i hiqen masat shtr\u00ebnguese, sepse tanim\u00eb Kosova e ka b\u00ebr\u00eb hapin. Nuk ka asnj\u00eb sens q\u00eb Kosov\u00ebs t\u2019i mbahen masat shtr\u00ebnguese dhe Serbia t\u00eb mos ket\u00eb asnj\u00eb pasoj\u00eb shtr\u00ebnguese pas aktit n\u00eb Banjsk\u00eb\u201d tha Rama.<\/p>\n","protected":false},"excerpt":{"rendered":"<p>N\u00eb konferenc\u00ebn vjetore, kryeministri Edi Rama ka komentuar edhe marr\u00ebdh\u00ebnien me presidentin e Serbis\u00eb, Aleksand\u00ebr&#8230;<\/p>\n","protected":false},"author":1,"featured_media":0,"comment_status":"open","ping_status":"open","sticky":false,"template":"","format":"standard","meta":{"om_disable_all_campaigns":false,"_monsterinsights_skip_tracking":false,"_monsterinsights_sitenote_active":false,"_monsterinsights_sitenote_note":"","_monsterinsights_sitenote_category":0,"_uf_show_specific_survey":0,"_uf_disable_surveys":false,"footnotes":""},"categories":[1],"tags":[],"class_list":["post-6983","post","type-post","status-publish","format-standard","hentry","category-uncategorized"],"aioseo_notices":[],"views":44,"_links":{"self":[{"href":"https:\/\/used82.com\/index.php?rest_route=\/wp\/v2\/posts\/6983","targetHints":{"allow":["GET"]}}],"collection":[{"href":"https:\/\/used82.com\/index.php?rest_route=\/wp\/v2\/posts"}],"about":[{"href":"https:\/\/used82.com\/index.php?rest_route=\/wp\/v2\/types\/post"}],"author":[{"embeddable":true,"href":"https:\/\/used82.com\/index.php?rest_route=\/wp\/v2\/users\/1"}],"replies":[{"embeddable":true,"href":"https:\/\/used82.com\/index.php?rest_route=%2Fwp%2Fv2%2Fcomments&post=6983"}],"version-history":[{"count":0,"href":"https:\/\/used82.com\/index.php?rest_route=\/wp\/v2\/posts\/6983\/revisions"}],"wp:attachment":[{"href":"https:\/\/used82.com\/index.php?rest_route=%2Fwp%2Fv2%2Fmedia&parent=6983"}],"wp:term":[{"taxonomy":"category","embeddable":true,"href":"https:\/\/used82.com\/index.php?rest_route=%2Fwp%2Fv2%2Fcategories&post=6983"},{"taxonomy":"post_tag","embeddable":true,"href":"https:\/\/used82.com\/index.php?rest_route=%2Fwp%2Fv2%2Ftags&post=6983"}],"curies":[{"name":"wp","href":"https:\/\/api.w.org\/{rel}","templated":true}]}}