{"id":6987,"date":"2023-12-30T19:49:23","date_gmt":"2023-12-30T19:49:23","guid":{"rendered":"https:\/\/used82.com\/?p=6987"},"modified":"2023-12-30T19:49:23","modified_gmt":"2023-12-30T19:49:23","slug":"zyra-e-kurtit-nuk-ia-hapen-telefonin-vasfije-krasniqi-nderohet-me-nje-pozite-nga-presidentja","status":"publish","type":"post","link":"https:\/\/used82.com\/?p=6987","title":{"rendered":"Zyra e Kurtit nuk ia hap\u00ebn telefonin, Vasfije Krasniqi nderohet me nj\u00eb pozit\u00eb nga presidentja"},"content":{"rendered":"<p><strong>Vasfije Krasniqi, ish-deputete e Kuvendit t\u00eb Kosov\u00ebs dhe z\u00ebri i fuqish\u00ebm p\u00ebr mbrojtjen e t\u00eb drejtave t\u00eb viktimave t\u00eb dhun\u00ebs seksuale gjat\u00eb luft\u00ebs, sot \u00ebsht\u00eb nderuar n\u00eb pozit\u00eb t\u00eb re nga e para e shtetit Vjosa Osmani. Ajo u em\u00ebrua n\u00eb pozit\u00ebn e t\u00eb d\u00ebrguar\u00ebs s\u00eb posa\u00e7me p\u00ebr dhun\u00ebn seksuale gjat\u00eb luft\u00ebs.<\/strong><\/p>\n<p>Presidentja Osmani tha se Krasniqi i ka dh\u00ebn\u00eb z\u00eb dhimbjes s\u00eb mij\u00ebra grave t\u00eb p\u00ebrdhunuara gjat\u00eb luft\u00ebs s\u00eb fundit n\u00eb Kosov\u00eb.<\/p>\n<p>Por, respektin e nj\u00ebjt\u00eb duket se nuk e mori nga zyra e kryeministrit, Albin Kurti. Sakt\u00ebsisht nga kryetarja e Komisionit Qeveritar p\u00ebr Njohjen dhe Verifikimin e Statusin t\u00eb Viktimave t\u00eb Dhun\u00ebs Seksuale, Leonora Selmani.<\/p>\n<p>E mbijetuara e dhun\u00ebs seksuale gjat\u00eb luft\u00ebs s\u00eb fundit n\u00eb Kosov\u00eb, pak dit\u00eb m\u00eb par\u00eb p\u00ebrmes nj\u00eb postimi n\u00eb Facebook, ka njoftuar se ka telefonuar kryetaren e k\u00ebtij komisioni, Leonora Selmani por kjo e fundit nuk i \u00ebsht\u00eb p\u00ebrgjigjur thirrjeve.<\/p>\n<p>\u201c<em>Komisioni p\u00ebr verifikimin t\u00eb viktimave as n\u00eb tel nuk lajm\u00ebrohen<\/em>\u201d ka shkruar ajo.<\/p>\n<figure class=\"wp-block-image\"><img loading=\"lazy\" decoding=\"async\" class=\"wp-image-1723148\" src=\"https:\/\/insajderi.org\/wp-content\/uploads\/2023\/12\/image-18.png\" alt=\"\" width=\"746\" height=\"871\" \/><\/figure>\n<p>Kujtojm\u00eb se, Vasfije Krasniqi vite m\u00eb par\u00eb kishte postuar n\u00eb faqen e saj n\u00eb Facebook nj\u00eb let\u00ebr t\u00eb hapur p\u00ebr njeriun q\u00eb e ka p\u00ebrdhunuar n\u00eb vitin 1999.<\/p>\n<p>Nd\u00ebrsa, m\u00eb pas ka dh\u00ebn\u00eb rr\u00ebfimin e saj p\u00ebr torturat q\u00eb ka p\u00ebrjetuar gjat\u00eb luft\u00ebs n\u00eb nj\u00eb intervist\u00eb p\u00ebr televizionin publik t\u00eb Kosov\u00ebs.<\/p>\n","protected":false},"excerpt":{"rendered":"<p>Vasfije Krasniqi, ish-deputete e Kuvendit t\u00eb Kosov\u00ebs dhe z\u00ebri i fuqish\u00ebm p\u00ebr mbrojtjen e t\u00eb&#8230;<\/p>\n","protected":false},"author":1,"featured_media":0,"comment_status":"open","ping_status":"open","sticky":false,"template":"","format":"standard","meta":{"om_disable_all_campaigns":false,"_monsterinsights_skip_tracking":false,"_monsterinsights_sitenote_active":false,"_monsterinsights_sitenote_note":"","_monsterinsights_sitenote_category":0,"_uf_show_specific_survey":0,"_uf_disable_surveys":false,"footnotes":""},"categories":[1],"tags":[],"class_list":["post-6987","post","type-post","status-publish","format-standard","hentry","category-uncategorized"],"aioseo_notices":[],"views":56,"_links":{"self":[{"href":"https:\/\/used82.com\/index.php?rest_route=\/wp\/v2\/posts\/6987","targetHints":{"allow":["GET"]}}],"collection":[{"href":"https:\/\/used82.com\/index.php?rest_route=\/wp\/v2\/posts"}],"about":[{"href":"https:\/\/used82.com\/index.php?rest_route=\/wp\/v2\/types\/post"}],"author":[{"embeddable":true,"href":"https:\/\/used82.com\/index.php?rest_route=\/wp\/v2\/users\/1"}],"replies":[{"embeddable":true,"href":"https:\/\/used82.com\/index.php?rest_route=%2Fwp%2Fv2%2Fcomments&post=6987"}],"version-history":[{"count":0,"href":"https:\/\/used82.com\/index.php?rest_route=\/wp\/v2\/posts\/6987\/revisions"}],"wp:attachment":[{"href":"https:\/\/used82.com\/index.php?rest_route=%2Fwp%2Fv2%2Fmedia&parent=6987"}],"wp:term":[{"taxonomy":"category","embeddable":true,"href":"https:\/\/used82.com\/index.php?rest_route=%2Fwp%2Fv2%2Fcategories&post=6987"},{"taxonomy":"post_tag","embeddable":true,"href":"https:\/\/used82.com\/index.php?rest_route=%2Fwp%2Fv2%2Ftags&post=6987"}],"curies":[{"name":"wp","href":"https:\/\/api.w.org\/{rel}","templated":true}]}}