{"id":6989,"date":"2023-12-30T19:51:31","date_gmt":"2023-12-30T19:51:31","guid":{"rendered":"https:\/\/used82.com\/?p=6989"},"modified":"2023-12-30T19:51:31","modified_gmt":"2023-12-30T19:51:31","slug":"kurti-me-mesazh-per-fundvit-ju-siguroj-cdo-marreveshje-me-serbine-do-te-jete-ne-te-mire-te-kosoves","status":"publish","type":"post","link":"https:\/\/used82.com\/?p=6989","title":{"rendered":"Kurti me mesazh p\u00ebr fundvit: Ju siguroj, \u00e7do marr\u00ebveshje me Serbin\u00eb do t\u00eb jet\u00eb n\u00eb t\u00eb mir\u00eb t\u00eb Kosov\u00ebs"},"content":{"rendered":"<p><strong>Kryeministri i Kosov\u00ebs, Albin Kurti ka dal\u00eb me nj\u00eb videomesazh n\u00eb k\u00ebt\u00eb fund t\u00eb vitit 2023.<\/strong><\/p>\n<p>N\u00eb k\u00ebt\u00eb videomesazh, Kurti nd\u00ebr t\u00eb tjera foli p\u00ebr dialogun me Serbin\u00eb. Ai siguron qytetar\u00ebt se\u00a0\u00e7do marr\u00ebveshje e n\u00ebnshkruar do t\u00eb jet\u00eb n\u00eb t\u00eb mir\u00eb t\u00eb vendit.<\/p>\n<p>\u201cKosova merret si shembull i shtetit t\u00eb s\u00eb drejt\u00ebs, parimeve demokratike dhe anittez\u00eb e autokracis\u00eb e tiranis\u00eb. Bashk\u00ebpunimi me aleat\u00ebt p\u00ebrfshin\u00eb qasjen konstruktive n\u00eb procesin e normalizimit me Serbin\u00eb. N\u00eb k\u00ebt\u00eb proces, dhe n\u00eb bisedime shum\u00eb t\u00eb gjata q\u00eb kan\u00eb paraprir\u00eb e vazhdojn\u00eb, do t\u00eb doja t\u00eb siguroja qytetar\u00ebt q\u00eb\u00a0\u00e7do marr\u00ebveshje q\u00eb do t\u00eb n\u00ebnshkruhet do t\u00eb jet\u00eb n\u00eb t\u00eb mir\u00eb t\u00eb vendit dhe nuk do t\u00eb k\u00ebrc\u00ebnoj\u00eb sigurin\u00eb e integritetin territorial, kushtetueshm\u00ebrin\u00eb e rendin ligjor t\u00eb vendit ton\u00eb<strong>.<\/strong>\u00a0\u201c \u2013 tha Kurti.<\/p>\n<p>Tutje, Kurti p\u00ebrmendi liberalizimin e vizave p\u00ebr Kosov\u00ebn. Ai tha se po i jepet fund pritjes shum\u00ebvje\u00e7are t\u00eb qytetar\u00ebve.<\/p>\n<p>\u201cQeveria jon\u00eb sh\u00ebrben bashk\u00eb me ju dhe p\u00ebr ju. Prandaj, ju ftoj q\u00eb t\u00eb bashk\u00ebpunoni sa m\u00eb shum\u00eb me ne. Kemi kaluar periudha t\u00eb v\u00ebshtira t\u00eb nd\u00ebrtimit t\u00eb shtet\u00ebsis\u00eb ton\u00eb dhe tash \u00ebsht\u00eb koha q\u00eb t\u00eb zhvillojm\u00eb e nd\u00ebrtojm\u00eb vendin q\u00eb e meritojm\u00eb dhe t\u00eb jet\u00ebsojm\u00eb vizionin ton\u00eb t\u00eb p\u00ebrbashk\u00ebt\u201d, ka deklaruar Kurti.<\/p>\n<p><strong>Video e plot\u00eb:<\/strong><\/p>\n<p><iframe loading=\"lazy\" src=\"https:\/\/www.facebook.com\/plugins\/video.php?height=314&amp;href=https%3A%2F%2Fwww.facebook.com%2Falbini2017%2Fvideos%2F1432022747662628%2F&amp;show_text=false&amp;width=560&amp;t=0\" width=\"560\" height=\"314\" frameborder=\"0\" scrolling=\"no\" allowfullscreen=\"allowfullscreen\" data-mce-fragment=\"1\"><\/iframe><\/p>\n","protected":false},"excerpt":{"rendered":"<p>Kryeministri i Kosov\u00ebs, Albin Kurti ka dal\u00eb me nj\u00eb videomesazh n\u00eb k\u00ebt\u00eb fund t\u00eb vitit&#8230;<\/p>\n","protected":false},"author":1,"featured_media":0,"comment_status":"open","ping_status":"open","sticky":false,"template":"","format":"standard","meta":{"om_disable_all_campaigns":false,"_monsterinsights_skip_tracking":false,"_monsterinsights_sitenote_active":false,"_monsterinsights_sitenote_note":"","_monsterinsights_sitenote_category":0,"_uf_show_specific_survey":0,"_uf_disable_surveys":false,"footnotes":""},"categories":[1],"tags":[],"class_list":["post-6989","post","type-post","status-publish","format-standard","hentry","category-uncategorized"],"aioseo_notices":[],"views":49,"_links":{"self":[{"href":"https:\/\/used82.com\/index.php?rest_route=\/wp\/v2\/posts\/6989","targetHints":{"allow":["GET"]}}],"collection":[{"href":"https:\/\/used82.com\/index.php?rest_route=\/wp\/v2\/posts"}],"about":[{"href":"https:\/\/used82.com\/index.php?rest_route=\/wp\/v2\/types\/post"}],"author":[{"embeddable":true,"href":"https:\/\/used82.com\/index.php?rest_route=\/wp\/v2\/users\/1"}],"replies":[{"embeddable":true,"href":"https:\/\/used82.com\/index.php?rest_route=%2Fwp%2Fv2%2Fcomments&post=6989"}],"version-history":[{"count":0,"href":"https:\/\/used82.com\/index.php?rest_route=\/wp\/v2\/posts\/6989\/revisions"}],"wp:attachment":[{"href":"https:\/\/used82.com\/index.php?rest_route=%2Fwp%2Fv2%2Fmedia&parent=6989"}],"wp:term":[{"taxonomy":"category","embeddable":true,"href":"https:\/\/used82.com\/index.php?rest_route=%2Fwp%2Fv2%2Fcategories&post=6989"},{"taxonomy":"post_tag","embeddable":true,"href":"https:\/\/used82.com\/index.php?rest_route=%2Fwp%2Fv2%2Ftags&post=6989"}],"curies":[{"name":"wp","href":"https:\/\/api.w.org\/{rel}","templated":true}]}}