{"id":6991,"date":"2023-12-30T19:55:54","date_gmt":"2023-12-30T19:55:54","guid":{"rendered":"https:\/\/used82.com\/?p=6991"},"modified":"2023-12-30T19:55:54","modified_gmt":"2023-12-30T19:55:54","slug":"mozzik-njofton-se-jane-arrestuar-tre-persona-per-vjedhjen-ne-shtepine-e-tij","status":"publish","type":"post","link":"https:\/\/used82.com\/?p=6991","title":{"rendered":"Mozzik njofton se jan\u00eb arrestuar tre persona p\u00ebr vjedhjen n\u00eb sht\u00ebpin\u00eb e tij"},"content":{"rendered":"<p><strong>Me 16 tetor, reperi i njohur Mozzik njoftoi se sht\u00ebpia e tij ishte cak i hajnave. Ai kishte th\u00ebn\u00eb se i ishin vjedhur 100 mij\u00eb euro kesh, 15\/16 arm\u00eb me leje e ari (or\u00eb, unaza e qafore). Nd\u00ebrsa, sot rep-artisti ka njoftuar se jan\u00eb arrestuar tre persona lidhur me vjedhjen n\u00eb pron\u00ebn e tij.<\/strong><\/p>\n<p>Mozzik tha se gjat\u00eb k\u00ebtyre dy muajve i kishte th\u00ebn\u00eb vet\u00ebs se \u2018policia po pritojn\u00eb, nuk po punojn\u00eb\u201d, por, q\u00eb kishte qen\u00eb gabim, raporton Insajderi.<\/p>\n<p>\u201c<em>Qenkan arrestuar 3 persona t\u00eb qytetit Ferizaj ku edhe dyshohen se nj\u00ebra nga veprat kriminale q\u00eb kan kryer \u00ebsht\u00eb pik\u00ebrisht sht\u00ebpia ime ( e vjedhur e thyer). Pak jam mahnit nga sakt\u00ebsia e tyre , pak nga shkath\u00ebsia e tyre , pak nga profesionalizmi i tyre , por prap besoj nuk pat\u00ebn ku t\u00eb shkojn\u00eb. Qdo dit\u00eb qe i thash vet\u00ebs gjat\u00eb k\u00ebtyre 2 muajve \u201d Spo punojn\u00eb\u201d \u201d Po pritojn\u00eb \u201d Policia paskam pas gabim<\/em>.\u201d- ka th\u00ebn\u00eb Gramoz Aliu.<\/p>\n<div class=\"kontenti art\">\n<div class=\"lajmi-lexo\">\n<div class=\"lajmi-lexo2\">\n<div class=\"teksti\">\n<p>Ai fal\u00ebnderoi Drejtori e Policis\u00eb s\u00eb Kosov\u00ebs z.Gazmend Hoxha dhe sektorin e policis\u00eb rajonale n\u00eb Ferizaj.<\/p>\n<p>\u201c<em>P\u00ebr \u00e7do lavdat\u00eb Drejtori i p\u00ebrgjithsh\u00ebm i Policis\u00eb s\u00eb Kosov\u00ebs z.Gazmend Hoxha p\u00ebr angazhimin profesional e t\u00eb sinqert\u00eb . Gjithsesi ekipa fantastike e Sektorit Rajonal t\u00eb Hetuesis\u00eb Ferizaj n\u00eb k\u00ebt\u00eb zingjir\u00eb nga un\u00eb marrin duartrokitjet m\u00eb t\u00eb m\u00ebdhajat. Publikisht Falenderoj Ekip\u00ebn e Sektorit Rajonal t\u00eb Hetuesis\u00eb Ferizaj<\/em>.\u201d- ka shkruar reperi ferizajas.<\/p>\n<p>Tutje, autori i shum\u00eb hiteve ka k\u00ebrkuar nga qytetar\u00ebt ta paguajn\u00eb tatumin..<\/p>\n<p>\u201c<em>E nderuat vet\u00ebn , mua dhe familjen e besa edhe qytetin ton\u00eb Ferizaj. E ju qytetar\u00eb paguani tatim , ta forcojm\u00eb s\u00eb bashku k\u00ebt\u00eb institucion t\u00eb shenjt\u00eb. Zoti iu bekoft\u00eb kudo dhe kurdo<\/em>\u201c, shkroi ai n\u00eb Facebook.<\/p>\n<div class=\"kontenti art\">\n<div class=\"lajmi-lexo\">\n<div class=\"lajmi-lexo2\">\n<div class=\"teksti\"><iframe loading=\"lazy\" src=\"https:\/\/www.facebook.com\/plugins\/post.php?href=https%3A%2F%2Fwww.facebook.com%2Ftripatemozzikit%2Fposts%2Fpfbid0Jk3Fa1KCa5oVLZmEPQ2hiRWCcgLUyemsJDFBa5XER9zRSk8gzBFpMhQEfgvEMKLXl&amp;show_text=true&amp;width=500\" width=\"500\" height=\"323\" frameborder=\"0\" scrolling=\"no\" allowfullscreen=\"allowfullscreen\" data-mce-fragment=\"1\"><\/iframe>&nbsp;<\/p>\n<\/div>\n<\/div>\n<\/div>\n<\/div>\n<div class=\"des-adv shteti\"><\/div>\n<\/div>\n<\/div>\n<\/div>\n<\/div>\n","protected":false},"excerpt":{"rendered":"<p>Me 16 tetor, reperi i njohur Mozzik njoftoi se sht\u00ebpia e tij ishte cak i&#8230;<\/p>\n","protected":false},"author":1,"featured_media":0,"comment_status":"open","ping_status":"open","sticky":false,"template":"","format":"standard","meta":{"om_disable_all_campaigns":false,"_monsterinsights_skip_tracking":false,"_monsterinsights_sitenote_active":false,"_monsterinsights_sitenote_note":"","_monsterinsights_sitenote_category":0,"_uf_show_specific_survey":0,"_uf_disable_surveys":false,"footnotes":""},"categories":[1],"tags":[],"class_list":["post-6991","post","type-post","status-publish","format-standard","hentry","category-uncategorized"],"aioseo_notices":[],"views":44,"_links":{"self":[{"href":"https:\/\/used82.com\/index.php?rest_route=\/wp\/v2\/posts\/6991","targetHints":{"allow":["GET"]}}],"collection":[{"href":"https:\/\/used82.com\/index.php?rest_route=\/wp\/v2\/posts"}],"about":[{"href":"https:\/\/used82.com\/index.php?rest_route=\/wp\/v2\/types\/post"}],"author":[{"embeddable":true,"href":"https:\/\/used82.com\/index.php?rest_route=\/wp\/v2\/users\/1"}],"replies":[{"embeddable":true,"href":"https:\/\/used82.com\/index.php?rest_route=%2Fwp%2Fv2%2Fcomments&post=6991"}],"version-history":[{"count":0,"href":"https:\/\/used82.com\/index.php?rest_route=\/wp\/v2\/posts\/6991\/revisions"}],"wp:attachment":[{"href":"https:\/\/used82.com\/index.php?rest_route=%2Fwp%2Fv2%2Fmedia&parent=6991"}],"wp:term":[{"taxonomy":"category","embeddable":true,"href":"https:\/\/used82.com\/index.php?rest_route=%2Fwp%2Fv2%2Fcategories&post=6991"},{"taxonomy":"post_tag","embeddable":true,"href":"https:\/\/used82.com\/index.php?rest_route=%2Fwp%2Fv2%2Ftags&post=6991"}],"curies":[{"name":"wp","href":"https:\/\/api.w.org\/{rel}","templated":true}]}}