{"id":6993,"date":"2023-12-30T19:57:51","date_gmt":"2023-12-30T19:57:51","guid":{"rendered":"https:\/\/used82.com\/?p=6993"},"modified":"2023-12-30T19:57:51","modified_gmt":"2023-12-30T19:57:51","slug":"kusari-takohet-me-nenen-e-liridona-ademajt-sa-here-e-takoj-po-e-njoh-me-shume-liridonen","status":"publish","type":"post","link":"https:\/\/used82.com\/?p=6993","title":{"rendered":"Kusari takohet m\u00eb n\u00ebn\u00ebn e Liridona Ademajt: Sa her\u00eb e takoj, po e njoh m\u00eb shum\u00eb Liridonen"},"content":{"rendered":"<p><strong>Juristja e mediave, Flutura Kusari ka njoftuar se \u00ebsht\u00eb takuar m\u00eb n\u00ebn\u00ebn e Liridona Ademajt, e cila dyshohet se \u00ebsht\u00eb vrar\u00eb me porosi t\u00eb bashk\u00ebshortit t\u00eb saj, Naim Murseli, nj\u00eb muaj m\u00eb par\u00eb.<\/strong><\/p>\n<p>Ajo tha se e vetmja gj\u00eb q\u00eb mund t\u2019i thot\u00eb n\u00ebn\u00ebs s\u00eb Liridon\u00ebs, \u00ebsht\u00eb t\u2019ia mbaj\u00eb dor\u00ebn af\u00ebr dhe me mundu p\u00ebr me i fsheh\u00eb lot\u00ebt.<\/p>\n<p><strong>Postimi i plot\u00eb i Flutura Kusarit:<\/strong><\/p>\n<p><em>U takova p\u00ebrs\u00ebri me nanen e Liridona Ademajt e cila dyshohet qe u vra nga burri i saj Naim Murseli.<\/em><\/p>\n<p><em>\u00c7far\u00eb i thot\u00eb njeriu nj\u00eb nane q\u00eb e humbi vajz\u00ebn e saj? Kurgjo, i afrohesh af\u00ebr, ia mban dor\u00ebn dhe mundohesh me i fsheh\u00eb lot\u00ebt.<\/em><\/p>\n<p><em>Sa her\u00eb q\u00eb po e takoj, po e njoh m\u00eb shum\u00eb Liridonen dhe personalitetin e saj t\u00eb mrekulluesh\u00ebm.<\/em><\/p>\n<p><em>\u201dKa pas\u00eb qejf me jap\u00eb, sa her\u00eb q\u00eb e ka pa dikon q\u00eb ka pas\u00eb nevoj\u00eb p\u00ebr ndihm\u00eb ka ndihmu, sidomos gra\u201d<\/em><\/p>\n<p><em>\u201dKur ka pa raste t\u00eb grave t\u00eb dhunume ose te vrame, meniher\u00eb i dilshin lot\u00ebt, thojk\u00eb sa gjynah po m\u00eb vjen\u201d<\/em><\/p>\n<p><em>\u201dKur dikush i ka th\u00ebn\u00eb sa xhemperi i bukur, ia ka fal\u00eb\u201d<\/em><\/p>\n<p><em>\u201dKa pas\u00eb qejf me thirr\u00eb mysafir\u00eb, shpija plot na u mushke kur vijke ajo\u201d<\/em><\/p>\n<p><em>\u201dK\u00ebt\u00eb Vit t\u00eb Ri, pat planifiku me e prit\u00eb me neve [nanen dhe baben e saj]\u201d<\/em><\/p>\n<p><iframe loading=\"lazy\" src=\"https:\/\/www.facebook.com\/plugins\/post.php?href=https%3A%2F%2Fwww.facebook.com%2Fkusari%2Fposts%2Fpfbid0yXspjAcHunpER7h5kp64ZyJ3YR7BPSFC3J54LPozxRznDixRqiT9XofZWyNekefDl&amp;show_text=true&amp;width=500\" width=\"500\" height=\"698\" frameborder=\"0\" scrolling=\"no\" allowfullscreen=\"allowfullscreen\" data-mce-fragment=\"1\"><\/iframe><\/p>\n<p>&nbsp;<\/p>\n","protected":false},"excerpt":{"rendered":"<p>Juristja e mediave, Flutura Kusari ka njoftuar se \u00ebsht\u00eb takuar m\u00eb n\u00ebn\u00ebn e Liridona Ademajt,&#8230;<\/p>\n","protected":false},"author":1,"featured_media":0,"comment_status":"open","ping_status":"open","sticky":false,"template":"","format":"standard","meta":{"om_disable_all_campaigns":false,"_monsterinsights_skip_tracking":false,"_monsterinsights_sitenote_active":false,"_monsterinsights_sitenote_note":"","_monsterinsights_sitenote_category":0,"_uf_show_specific_survey":0,"_uf_disable_surveys":false,"footnotes":""},"categories":[1],"tags":[],"class_list":["post-6993","post","type-post","status-publish","format-standard","hentry","category-uncategorized"],"aioseo_notices":[],"views":50,"_links":{"self":[{"href":"https:\/\/used82.com\/index.php?rest_route=\/wp\/v2\/posts\/6993","targetHints":{"allow":["GET"]}}],"collection":[{"href":"https:\/\/used82.com\/index.php?rest_route=\/wp\/v2\/posts"}],"about":[{"href":"https:\/\/used82.com\/index.php?rest_route=\/wp\/v2\/types\/post"}],"author":[{"embeddable":true,"href":"https:\/\/used82.com\/index.php?rest_route=\/wp\/v2\/users\/1"}],"replies":[{"embeddable":true,"href":"https:\/\/used82.com\/index.php?rest_route=%2Fwp%2Fv2%2Fcomments&post=6993"}],"version-history":[{"count":0,"href":"https:\/\/used82.com\/index.php?rest_route=\/wp\/v2\/posts\/6993\/revisions"}],"wp:attachment":[{"href":"https:\/\/used82.com\/index.php?rest_route=%2Fwp%2Fv2%2Fmedia&parent=6993"}],"wp:term":[{"taxonomy":"category","embeddable":true,"href":"https:\/\/used82.com\/index.php?rest_route=%2Fwp%2Fv2%2Fcategories&post=6993"},{"taxonomy":"post_tag","embeddable":true,"href":"https:\/\/used82.com\/index.php?rest_route=%2Fwp%2Fv2%2Ftags&post=6993"}],"curies":[{"name":"wp","href":"https:\/\/api.w.org\/{rel}","templated":true}]}}