{"id":7002,"date":"2023-12-31T06:53:44","date_gmt":"2023-12-31T06:53:44","guid":{"rendered":"https:\/\/used82.com\/?p=7002"},"modified":"2023-12-31T06:53:44","modified_gmt":"2023-12-31T06:53:44","slug":"kemi-debate-te-zjarrta-osmani-flet-per-raportin-me-kurtin","status":"publish","type":"post","link":"https:\/\/used82.com\/?p=7002","title":{"rendered":"\u201cKemi debate t\u00eb zjarrta\u201d, Osmani flet p\u00ebr raportin me Kurtin"},"content":{"rendered":"<p><strong>Presidentja e Kosov\u00ebs Vjosa Osmani, ka pranuar se ndonj\u00ebher\u00eb kan\u00eb debate t\u00eb zjarrta me kryeministrin Albin Kurti.<\/strong><\/p>\n<p>N\u00eb nj\u00eb intervist\u00eb p\u00ebr \u201cRtv Dukagjini\u201d, Osmani tha se debatet nuk i kan\u00eb aq serioze sa t\u00eb mos tejkalohen.<\/p>\n<p>\u201cSinqerisht, mua n\u00eb fillim kur m\u00eb than\u00eb q\u00eb kishte debate p\u00ebr k\u00ebt\u00eb gj\u00eb, mua nuk mu kujtua se p\u00ebr \u00e7ka kemi qen\u00eb duke fol n\u00eb k\u00ebt\u00eb moment. Pastaj e kujtova q\u00eb ka qen\u00eb nj\u00eb diskutim rreth ligjit p\u00ebr zgjedhje t\u00eb p\u00ebrgjithshme dhe nuk ka qen\u00eb di\u00e7ka serioze, e tejkalohet pa asnj\u00eb problem p\u00ebr t\u00eb cil\u00ebn jemi duke punuar q\u00eb t\u00eb tejkalohet\u201d, ka th\u00ebn\u00eb presidentja Osmani.<\/p>\n<p>Ajo ka theksuar se debatet jan\u00eb normale dhe t\u00eb sh\u00ebndetshme n\u00eb demokraci dhe ndon\u00ebse ka pasur diskutime t\u00eb zjarrta me kryeministrin Kurti, ato nuk jan\u00eb serioze saq\u00eb t\u00eb mos tejkalohen.<\/p>\n<p>\u201cNuk do t\u00eb thot\u00eb q\u00eb nuk kemi debate t\u00eb zjarrta, kemi por kjo nuk ka qen\u00eb nj\u00eb prej tyre. Ka gjithmon\u00eb debate t\u00eb zjarrta por n\u00eb fund gjithmon\u00eb e gjejm\u00eb nj\u00eb rrug\u00eb p\u00ebrpara dhe nj\u00eb mir\u00ebkuptim. \u00cbsht\u00eb me r\u00ebnd\u00ebsi q\u00ebllimet ti kemi t\u00eb p\u00ebrbashk\u00ebta, q\u00ebllime q\u00eb kan\u00eb t\u00eb b\u00ebjn\u00eb me nj\u00eb Kosov\u00eb \u00e7do dit\u00eb e m\u00eb t\u00eb suksesshme, \u00e7do dit\u00eb e m\u00eb t\u00eb fuqishme edhe brenda edhe jasht\u00eb sepse fuqizimi i yn\u00eb p\u00ebrbrenda reflekton edhe nd\u00ebrkomb\u00ebtarisht natyrsh\u00ebm q\u00eb \u00e7do dit\u00eb marrim vendime q\u00eb jan\u00eb n\u00eb interes t\u00eb qytetar\u00ebve tan\u00eb\u201d.<\/p>\n<p>E para e shtetit ka deklaruar se ndon\u00ebse ka dallime n\u00eb rritjen dhe t\u00eb kaluar\u00ebn politike, k\u00ebto nuk duhet t\u00eb pengojn\u00eb progresin e Kosov\u00ebs.<\/p>\n<p>\u201cEdhe pse ne jemi rritur ndryshe politikisht, kemi t\u00eb kaluar t\u00eb ndryshme politike kjo nuk do t\u00eb thot\u00eb q\u00eb duhet t\u00eb lejojm\u00eb q\u00eb k\u00ebto dallime dhe k\u00ebto ndryshime ta d\u00ebmtojn\u00eb Kosov\u00ebn dhe kemi filluar nga dita e par\u00eb e bashk\u00ebpunimit mbi k\u00ebt\u00eb prizm\u00eb q\u00eb edhe kur kemi ndryshime edhe kur kemi dallime t\u00eb b\u00ebjm\u00eb debate sado t\u00eb gjata por n\u00eb fund t\u2019a arrijm\u00eb nj\u00eb q\u00ebndrim t\u00eb p\u00ebrbashk\u00ebt i cili \u00ebsht\u00eb n\u00eb interes t\u00eb qytetar\u00ebve t\u00eb Kosov\u00ebs\u201d, vijon ajo.<\/p>\n<p>N\u00eb fund, Osmani ka p\u00ebrmendur se bashk\u00ebpunimi dhe synimet e p\u00ebrbashk\u00ebta jan\u00eb thelb\u00ebsore p\u00ebr t\u00eb avancuar interesat e vendit, duke theksuar nevoj\u00ebn p\u00ebr bashk\u00ebpunim edhe n\u00eb rastet kur institucionet kan\u00eb kompetenca t\u00eb ndara por q\u00eb ndonj\u00ebher\u00eb ato g\u00ebrshetohen.<\/p>\n<p>\u201cNuk \u00ebsht\u00eb mir\u00eb q\u00eb gjithmon\u00eb t\u00eb pritet q\u00eb t\u00eb kemi q\u00ebndrime identike sepse \u00ebsht\u00eb edhe brenda familjes, njeriu nga nj\u00ebher\u00eb ka mendime t\u00eb ndryshme por edhe brenda familjes s\u00eb nj\u00ebjt politike njer\u00ebzit kan\u00eb dallime. Ne jemi dy institucione t\u00eb ndryshe, kemi kompetenca t\u00eb ndara por n\u00eb shum\u00eb raste ato edhe g\u00ebrshetohen prandaj \u00ebsht\u00eb edhe e domosdoshme q\u00eb t\u00eb bashk\u00ebpunojm\u00eb dhe t\u2019i kemi synimet dhe q\u00ebllimet e p\u00ebrbashk\u00ebta\u201d, ka p\u00ebrfunduar Osmani.<\/p>\n","protected":false},"excerpt":{"rendered":"<p>Presidentja e Kosov\u00ebs Vjosa Osmani, ka pranuar se ndonj\u00ebher\u00eb kan\u00eb debate t\u00eb zjarrta me kryeministrin&#8230;<\/p>\n","protected":false},"author":1,"featured_media":0,"comment_status":"open","ping_status":"open","sticky":false,"template":"","format":"standard","meta":{"om_disable_all_campaigns":false,"_monsterinsights_skip_tracking":false,"_monsterinsights_sitenote_active":false,"_monsterinsights_sitenote_note":"","_monsterinsights_sitenote_category":0,"_uf_show_specific_survey":0,"_uf_disable_surveys":false,"footnotes":""},"categories":[1],"tags":[],"class_list":["post-7002","post","type-post","status-publish","format-standard","hentry","category-uncategorized"],"aioseo_notices":[],"views":56,"_links":{"self":[{"href":"https:\/\/used82.com\/index.php?rest_route=\/wp\/v2\/posts\/7002","targetHints":{"allow":["GET"]}}],"collection":[{"href":"https:\/\/used82.com\/index.php?rest_route=\/wp\/v2\/posts"}],"about":[{"href":"https:\/\/used82.com\/index.php?rest_route=\/wp\/v2\/types\/post"}],"author":[{"embeddable":true,"href":"https:\/\/used82.com\/index.php?rest_route=\/wp\/v2\/users\/1"}],"replies":[{"embeddable":true,"href":"https:\/\/used82.com\/index.php?rest_route=%2Fwp%2Fv2%2Fcomments&post=7002"}],"version-history":[{"count":0,"href":"https:\/\/used82.com\/index.php?rest_route=\/wp\/v2\/posts\/7002\/revisions"}],"wp:attachment":[{"href":"https:\/\/used82.com\/index.php?rest_route=%2Fwp%2Fv2%2Fmedia&parent=7002"}],"wp:term":[{"taxonomy":"category","embeddable":true,"href":"https:\/\/used82.com\/index.php?rest_route=%2Fwp%2Fv2%2Fcategories&post=7002"},{"taxonomy":"post_tag","embeddable":true,"href":"https:\/\/used82.com\/index.php?rest_route=%2Fwp%2Fv2%2Ftags&post=7002"}],"curies":[{"name":"wp","href":"https:\/\/api.w.org\/{rel}","templated":true}]}}