{"id":7007,"date":"2023-12-31T07:00:53","date_gmt":"2023-12-31T07:00:53","guid":{"rendered":"https:\/\/used82.com\/?p=7007"},"modified":"2023-12-31T07:00:53","modified_gmt":"2023-12-31T07:00:53","slug":"publikohen-pamjet-nga-kamerat-e-sigurise-si-ndodhi-plagosja-me-thike-mes-shqiptareve-ne-greqi","status":"publish","type":"post","link":"https:\/\/used82.com\/?p=7007","title":{"rendered":"Publikohen pamjet nga kamerat e siguris\u00eb, si ndodhi plagosja me thik\u00eb mes shqiptar\u00ebve n\u00eb Greqi"},"content":{"rendered":"<div class=\"kontenti art\">\n<div class=\"lajmi-lexo\">\n<div class=\"lajmi-lexo2\">\n<div class=\"teksti\">\n<p><strong>Jan\u00eb publikuar pamjet nga plagosja me thik\u00eb n\u00eb Pire t\u00eb Greqis\u00eb pas nj\u00eb sherri banal mes dy shqiptar\u00ebve,<\/strong><\/p>\n<p>Ngjarja ndodhi pasditen e s\u00eb shtun\u00ebs n\u00eb Pire dhe n\u00eb pamjet q\u00eb jan\u00eb siguruar, duken dy personat q\u00eb p\u00ebrleshen mes tyre, nd\u00ebrsa nj\u00ebri prej tyre nxjerr nj\u00eb thik\u00eb dhe q\u00ebllon disa her\u00eb mbi viktim\u00ebn Artur Mitro nga Berati.<\/p>\n<p>Sipas informacioneve, ai mori plag\u00eb t\u00eb lehta dhe u d\u00ebrgua n\u00eb spital jasht\u00eb rrezikut p\u00ebr jet\u00ebn, raporton Top Channel.<\/p>\n<p>Policia mb\u00ebrriti menj\u00ebher\u00eb n\u00eb vend ngjarje por nuk mundi t\u00eb arrestoj\u00eb autorin, i cili \u00ebsht\u00eb identifikuar dhe shpallur n\u00eb k\u00ebrkim.<\/p>\n<p>Autoritetet po hetojn\u00eb p\u00ebr shkaqet e ngjarjes.<\/p>\n<figure class=\"wp-block-embed is-type-video is-provider-youtube wp-block-embed-youtube wp-embed-aspect-16-9 wp-has-aspect-ratio\">\n<div class=\"wp-block-embed__wrapper\"><iframe loading=\"lazy\" title=\"Top Channel\/ Ekskluzive! Pamje nga kamerat e siguris\u00eb, si ndodhi plagosja me thik\u00eb mes shqiptar\u00ebve\" src=\"https:\/\/www.youtube.com\/embed\/tm3Tm38jCCY?feature=oembed\" width=\"640\" height=\"360\" frameborder=\"0\" allowfullscreen=\"allowfullscreen\" data-mce-fragment=\"1\"><\/iframe><\/div>\n<\/figure>\n<p>&nbsp;<\/p>\n<div class=\"des-adv jashtshteti\"><\/div>\n<\/div>\n<\/div>\n<\/div>\n<\/div>\n","protected":false},"excerpt":{"rendered":"<p>Jan\u00eb publikuar pamjet nga plagosja me thik\u00eb n\u00eb Pire t\u00eb Greqis\u00eb pas nj\u00eb sherri banal&#8230;<\/p>\n","protected":false},"author":1,"featured_media":0,"comment_status":"open","ping_status":"open","sticky":false,"template":"","format":"standard","meta":{"om_disable_all_campaigns":false,"_monsterinsights_skip_tracking":false,"_monsterinsights_sitenote_active":false,"_monsterinsights_sitenote_note":"","_monsterinsights_sitenote_category":0,"_uf_show_specific_survey":0,"_uf_disable_surveys":false,"footnotes":""},"categories":[1],"tags":[],"class_list":["post-7007","post","type-post","status-publish","format-standard","hentry","category-uncategorized"],"aioseo_notices":[],"views":64,"_links":{"self":[{"href":"https:\/\/used82.com\/index.php?rest_route=\/wp\/v2\/posts\/7007","targetHints":{"allow":["GET"]}}],"collection":[{"href":"https:\/\/used82.com\/index.php?rest_route=\/wp\/v2\/posts"}],"about":[{"href":"https:\/\/used82.com\/index.php?rest_route=\/wp\/v2\/types\/post"}],"author":[{"embeddable":true,"href":"https:\/\/used82.com\/index.php?rest_route=\/wp\/v2\/users\/1"}],"replies":[{"embeddable":true,"href":"https:\/\/used82.com\/index.php?rest_route=%2Fwp%2Fv2%2Fcomments&post=7007"}],"version-history":[{"count":0,"href":"https:\/\/used82.com\/index.php?rest_route=\/wp\/v2\/posts\/7007\/revisions"}],"wp:attachment":[{"href":"https:\/\/used82.com\/index.php?rest_route=%2Fwp%2Fv2%2Fmedia&parent=7007"}],"wp:term":[{"taxonomy":"category","embeddable":true,"href":"https:\/\/used82.com\/index.php?rest_route=%2Fwp%2Fv2%2Fcategories&post=7007"},{"taxonomy":"post_tag","embeddable":true,"href":"https:\/\/used82.com\/index.php?rest_route=%2Fwp%2Fv2%2Ftags&post=7007"}],"curies":[{"name":"wp","href":"https:\/\/api.w.org\/{rel}","templated":true}]}}