{"id":7009,"date":"2023-12-31T11:11:45","date_gmt":"2023-12-31T11:11:45","guid":{"rendered":"https:\/\/used82.com\/?p=7009"},"modified":"2023-12-31T11:11:45","modified_gmt":"2023-12-31T11:11:45","slug":"santiana-thote-se-mendon-te-dal-nga-shtepia-e-bbvk-kjo-eshte-arsyeja","status":"publish","type":"post","link":"https:\/\/used82.com\/?p=7009","title":{"rendered":"Santiana thot\u00eb se mendon t\u00eb dal nga sht\u00ebpia e BBVK, kjo \u00ebsht\u00eb arsyeja"},"content":{"rendered":"<p><strong>N\u00eb Prime-in e s\u00eb premt\u00ebs doli klipi i Bucit dhe Santian\u00ebs ku shfaqeshin shum\u00eb t\u00eb afruar, por, q\u00eb dyshja mohuan t\u00eb ken\u00eb ndjenja p\u00ebr nj\u00ebri-tjetrin.<\/strong><\/p>\n<p>Santiana \u00ebsht\u00eb shqet\u00ebsuar se si i dashuri i saj mund t\u00eb ndihet p\u00ebr loj\u00ebn q\u00eb po b\u00ebn ajo brenda.<\/p>\n<p>\u201c<em>Nganj\u00ebher\u00eb po m\u00eb shkon mendja krejt t\u00eb dal. M\u00eb vjen inat edhe t\u00eb dal se e di \u00e7ka m\u00eb thot\u00eb, se e njoh shum\u00eb mir\u00eb, \u00ebsht\u00eb shum\u00eb i men\u00e7ur, por edhe ai m\u00eb njeh shum\u00eb mir\u00eb mua.<\/em>\u201d, tha ajo.<\/p>\n<p>Modelja i tregon Bucit se ajo \u00ebsht\u00eb shum\u00eb e shoq\u00ebrueshme me shok\u00eb e me shoq\u00ebri nd\u00ebrsa ai nuk \u00ebsht\u00eb fare i af\u00ebrt.<\/p>\n<p>\u201cSi mashkull \u00ebsht\u00eb shum\u00eb i rrall\u00eb, nuk ka si ai. Un\u00eb e di se \u00e7ka jan\u00eb n\u00eb gjendje t\u2019i thon\u00eb rrethi dhe familja, k\u00ebt\u00eb e kam problem shum\u00eb\u201d, u shpreh tutje Santiana,<\/p>\n<p>Nd\u00ebrkaq, Buci e k\u00ebshillon q\u00eb nuk \u00ebsht\u00eb mir\u00eb t\u00eb mendoj\u00eb shum\u00eb p\u00ebr jasht\u00eb.<\/p>\n<figure class=\"wp-block-embed is-type-video is-provider-youtube wp-block-embed-youtube wp-embed-aspect-16-9 wp-has-aspect-ratio\">\n<div class=\"wp-block-embed__wrapper\"><iframe loading=\"lazy\" title=\"Santiana e shqet\u00ebsuar p\u00ebr t\u00eb dashurin e saj: Po m\u00eb shkon mendja t\u00eb dal - Big Brother VIP Kosova 2\" src=\"https:\/\/www.youtube.com\/embed\/gygTz6KFdYQ?feature=oembed\" width=\"640\" height=\"360\" frameborder=\"0\" allowfullscreen=\"allowfullscreen\" data-mce-fragment=\"1\"><\/iframe><\/div>\n<\/figure>\n","protected":false},"excerpt":{"rendered":"<p>N\u00eb Prime-in e s\u00eb premt\u00ebs doli klipi i Bucit dhe Santian\u00ebs ku shfaqeshin shum\u00eb t\u00eb&#8230;<\/p>\n","protected":false},"author":1,"featured_media":0,"comment_status":"open","ping_status":"open","sticky":false,"template":"","format":"standard","meta":{"om_disable_all_campaigns":false,"_monsterinsights_skip_tracking":false,"_monsterinsights_sitenote_active":false,"_monsterinsights_sitenote_note":"","_monsterinsights_sitenote_category":0,"_uf_show_specific_survey":0,"_uf_disable_surveys":false,"footnotes":""},"categories":[1],"tags":[],"class_list":["post-7009","post","type-post","status-publish","format-standard","hentry","category-uncategorized"],"aioseo_notices":[],"views":41,"_links":{"self":[{"href":"https:\/\/used82.com\/index.php?rest_route=\/wp\/v2\/posts\/7009","targetHints":{"allow":["GET"]}}],"collection":[{"href":"https:\/\/used82.com\/index.php?rest_route=\/wp\/v2\/posts"}],"about":[{"href":"https:\/\/used82.com\/index.php?rest_route=\/wp\/v2\/types\/post"}],"author":[{"embeddable":true,"href":"https:\/\/used82.com\/index.php?rest_route=\/wp\/v2\/users\/1"}],"replies":[{"embeddable":true,"href":"https:\/\/used82.com\/index.php?rest_route=%2Fwp%2Fv2%2Fcomments&post=7009"}],"version-history":[{"count":0,"href":"https:\/\/used82.com\/index.php?rest_route=\/wp\/v2\/posts\/7009\/revisions"}],"wp:attachment":[{"href":"https:\/\/used82.com\/index.php?rest_route=%2Fwp%2Fv2%2Fmedia&parent=7009"}],"wp:term":[{"taxonomy":"category","embeddable":true,"href":"https:\/\/used82.com\/index.php?rest_route=%2Fwp%2Fv2%2Fcategories&post=7009"},{"taxonomy":"post_tag","embeddable":true,"href":"https:\/\/used82.com\/index.php?rest_route=%2Fwp%2Fv2%2Ftags&post=7009"}],"curies":[{"name":"wp","href":"https:\/\/api.w.org\/{rel}","templated":true}]}}