{"id":7011,"date":"2023-12-31T11:15:40","date_gmt":"2023-12-31T11:15:40","guid":{"rendered":"https:\/\/used82.com\/?p=7011"},"modified":"2023-12-31T11:15:40","modified_gmt":"2023-12-31T11:15:40","slug":"nje-lufte-mund-te-shpertheje-ne-cdo-moment-koreja-e-veriut-do-te-leshoje-tre-satelite-te-rinj-spiun-ne-vitin-2024","status":"publish","type":"post","link":"https:\/\/used82.com\/?p=7011","title":{"rendered":"\u201cNj\u00eb luft\u00eb mund t\u00eb shp\u00ebrthej\u00eb n\u00eb \u00e7do moment\u201d, Koreja e Veriut do t\u00eb l\u00ebshoj\u00eb tre satelit\u00eb t\u00eb rinj spiun n\u00eb vitin 2024"},"content":{"rendered":"<p><strong>Koreja e Veriut planifikon t\u00eb l\u00ebshoj\u00eb tre satelit\u00eb t\u00eb tjer\u00eb spiun vitin e ardhsh\u00ebm si pjes\u00eb e p\u00ebrpjekjeve p\u00ebr t\u00eb rritur ushtrin\u00eb e saj, ka th\u00ebn\u00eb media shtet\u00ebrore e vendit.<\/strong><\/p>\n<p>Muajin e kaluar Pheniani vendosi nj\u00eb satelit spiun n\u00eb hap\u00ebsir\u00eb dhe pretendon se q\u00eb at\u00ebher\u00eb ka fotografuar objektet kryesore ushtarake t\u00eb SHBA dhe Kores\u00eb s\u00eb Jugut.<\/p>\n<p>Duke p\u00ebrcaktuar synimet e tij p\u00ebr vitin 2024, Kim Jong Un tha gjithashtu se marr\u00ebdh\u00ebniet e tij me Koren\u00eb e Jugut do t\u00eb shihnin \u201cndryshim themelor\u201d.<\/p>\n<p>Dhe ai tha se nuk kishte zgjidhje tjet\u00ebr ve\u00e7se t\u00eb vazhdonte me ambiciet e tij b\u00ebrthamore.<\/p>\n<p>Duke folur n\u00eb nj\u00eb takim t\u00eb fundvitit t\u00eb Partis\u00eb s\u00eb Pun\u00ebtor\u00ebve t\u00eb Kores\u00eb n\u00eb pushtet, Kim tha se bashkimi me Koren\u00eb e Jugut tani nuk ishte m\u00eb i mundur. Ai tha se Seuli e trajton vendin e tij si armik.<\/p>\n<p>Duket se \u00ebsht\u00eb hera e par\u00eb q\u00eb Kim thot\u00eb nj\u00eb gj\u00eb t\u00eb till\u00eb dhe sh\u00ebnon nj\u00eb ndryshim zyrtar n\u00eb politik\u00eb, megjith\u00ebse n\u00eb praktik\u00eb ka pasur pak perspektiv\u00eb bashkimi p\u00ebr disa vite, pa p\u00ebrparim dhe pak p\u00ebrpjekje q\u00eb jan\u00eb b\u00ebr\u00eb.<\/p>\n<p>Marr\u00ebdh\u00ebniet mes dy vendeve jan\u00eb n\u00eb gjendje t\u00eb keqe. Muajin e kaluar, pas l\u00ebshimit t\u00eb satelitit spiun, Pheniani b\u00ebri nj\u00eb marr\u00ebveshje me Seulin q\u00eb kishte p\u00ebr q\u00ebllim uljen e tensioneve ushtarake.<\/p>\n<p>Koreja e Veriut gjithashtu vazhdoi testet e rregullta t\u00eb raketave t\u00eb saj gjat\u00eb vitit 2023 dhe n\u00eb fillim t\u00eb k\u00ebtij muaji gjuajti raket\u00ebn e saj m\u00eb t\u00eb avancuar me rreze t\u00eb gjat\u00eb, duke sfiduar kufizimet e OKB-s\u00eb.<\/p>\n<p>L\u00ebshimi i raket\u00ebs balistike nd\u00ebrkontinentale \u2013 e cila ka rreze veprimi p\u00ebr t\u00eb arritur n\u00eb kontinentin e Amerik\u00ebs s\u00eb Veriut \u2013 t\u00ebrhoqi d\u00ebnimin e menj\u00ebhersh\u00ebm nga Per\u00ebndimi.<\/p>\n<p>Nd\u00ebrkoh\u00eb Koreja e Veriut \u00ebsht\u00eb e pak\u00ebnaqur q\u00eb Koreja e Jugut rrit bashk\u00ebpunimin e mbrojtjes me SHBA-n\u00eb, pasi nj\u00eb n\u00ebndet\u00ebse amerikane e armatosur me arm\u00eb b\u00ebrthamore mb\u00ebrriti n\u00eb uj\u00ebrat e saj. Duke folur t\u00eb diel\u00ebn, Kim goditi SHBA-n\u00eb, duke th\u00ebn\u00eb, sipas mediave shtet\u00ebrore: \u201cNga l\u00ebvizjet e pamatura t\u00eb armiqve p\u00ebr t\u00eb na pushtuar, \u00ebsht\u00eb nj\u00eb fakt i kryer q\u00eb nj\u00eb luft\u00eb mund t\u00eb shp\u00ebrthej\u00eb n\u00eb \u00e7do koh\u00eb n\u00eb gadishullin Korean\u201d.<\/p>\n<p>Ai tha se Koreja e Jugut ishte shnd\u00ebrruar n\u00eb nj\u00eb \u201cbaz\u00eb ushtarake p\u00ebrpara dhe arsenal b\u00ebrthamor\u201d t\u00eb SHBA-s\u00eb dhe shtoi:\u00a0<em>N\u00ebse shikojm\u00eb nga af\u00ebr veprimet ushtarake konfrontuese nga forcat armike\u2026 fjala \u201cluft\u00eb\u201d \u00ebsht\u00eb b\u00ebr\u00eb realitet dhe jo nj\u00eb koncept abstrakt.<\/em><\/p>\n<p>Kim tha se viti 2024 do t\u00eb ket\u00eb m\u00eb shum\u00eb zhvillim ushtarak, duke p\u00ebrfshir\u00eb forcimin e forcave b\u00ebrthamore dhe raketore dhe nd\u00ebrtimin e dron\u00ebve.<\/p>\n<p><em>\u201cNe duhet t\u2019i p\u00ebrgjigjemi shpejt nj\u00eb krize t\u00eb mundshme b\u00ebrthamore dhe t\u00eb vazhdojm\u00eb t\u00eb p\u00ebrshpejtojm\u00eb p\u00ebrgatitjet p\u00ebr t\u00eb qet\u00ebsuar t\u00eb gjith\u00eb territorin e Kores\u00eb s\u00eb Jugut duke mobilizuar t\u00eb gjitha mjetet dhe forcat fizike, p\u00ebrfshir\u00eb forc\u00ebn b\u00ebrthamore, n\u00eb rast emergjence,\u201d\u00a0<\/em>tha ai.<\/p>\n","protected":false},"excerpt":{"rendered":"<p>Koreja e Veriut planifikon t\u00eb l\u00ebshoj\u00eb tre satelit\u00eb t\u00eb tjer\u00eb spiun vitin e ardhsh\u00ebm si&#8230;<\/p>\n","protected":false},"author":1,"featured_media":0,"comment_status":"open","ping_status":"open","sticky":false,"template":"","format":"standard","meta":{"om_disable_all_campaigns":false,"_monsterinsights_skip_tracking":false,"_monsterinsights_sitenote_active":false,"_monsterinsights_sitenote_note":"","_monsterinsights_sitenote_category":0,"_uf_show_specific_survey":0,"_uf_disable_surveys":false,"footnotes":""},"categories":[1],"tags":[],"class_list":["post-7011","post","type-post","status-publish","format-standard","hentry","category-uncategorized"],"aioseo_notices":[],"views":46,"_links":{"self":[{"href":"https:\/\/used82.com\/index.php?rest_route=\/wp\/v2\/posts\/7011","targetHints":{"allow":["GET"]}}],"collection":[{"href":"https:\/\/used82.com\/index.php?rest_route=\/wp\/v2\/posts"}],"about":[{"href":"https:\/\/used82.com\/index.php?rest_route=\/wp\/v2\/types\/post"}],"author":[{"embeddable":true,"href":"https:\/\/used82.com\/index.php?rest_route=\/wp\/v2\/users\/1"}],"replies":[{"embeddable":true,"href":"https:\/\/used82.com\/index.php?rest_route=%2Fwp%2Fv2%2Fcomments&post=7011"}],"version-history":[{"count":0,"href":"https:\/\/used82.com\/index.php?rest_route=\/wp\/v2\/posts\/7011\/revisions"}],"wp:attachment":[{"href":"https:\/\/used82.com\/index.php?rest_route=%2Fwp%2Fv2%2Fmedia&parent=7011"}],"wp:term":[{"taxonomy":"category","embeddable":true,"href":"https:\/\/used82.com\/index.php?rest_route=%2Fwp%2Fv2%2Fcategories&post=7011"},{"taxonomy":"post_tag","embeddable":true,"href":"https:\/\/used82.com\/index.php?rest_route=%2Fwp%2Fv2%2Ftags&post=7011"}],"curies":[{"name":"wp","href":"https:\/\/api.w.org\/{rel}","templated":true}]}}