{"id":7022,"date":"2023-12-31T11:29:47","date_gmt":"2023-12-31T11:29:47","guid":{"rendered":"https:\/\/used82.com\/?p=7022"},"modified":"2023-12-31T11:29:47","modified_gmt":"2023-12-31T11:29:47","slug":"kam-vrare-babin-i-ati-i-dehur-i-sulmon-nenen-35-vjecari-merr-thiken-dhe-e-qellon","status":"publish","type":"post","link":"https:\/\/used82.com\/?p=7022","title":{"rendered":"\u201cKam vrar\u00eb babin\u201d\/ I ati i dehur i sulmon n\u00ebn\u00ebn, 35-vje\u00e7ari merr thik\u00ebn dhe e q\u00ebllon"},"content":{"rendered":"<p>Nj\u00eb ngjarje e r\u00ebnd\u00eb ka ndodhur n\u00eb nj\u00eb familje or\u00ebt e para t\u00eb s\u00eb diel\u00ebs n\u00eb Peristeri t\u00eb Greqis\u00eb, ku nj\u00eb 35-vje\u00e7ar ka goditur me thik\u00eb babain e tij.<\/p>\n<div class=\"code-block code-block-6\">\n<p>Viktima, i cili \u00ebsht\u00eb grek me origjin\u00eb nga Uzbekistani, \u00ebsht\u00eb goditur disa her\u00eb me thik\u00eb nga i biri.<\/p>\n<p>\u201cNuk d\u00ebgjova z\u00ebra, nuk d\u00ebgjova asgj\u00eb, erdhi policia, ishte kaos. Ata kan\u00eb jetuar k\u00ebtu p\u00ebr 15 vjet, ndonj\u00ebher\u00eb mund t\u00eb d\u00ebgjonim zhurm\u00eb nga brenda sht\u00ebpis\u00eb. Policia ka ardhur s\u00ebrish. Viktima rrinte duke pir\u00eb\u201d, tha nj\u00eb fqinj.<\/p>\n<p>Para hetuesve grek\u00eb 35-vje\u00e7ari tregoi se i ati ushtronte dhun\u00eb ndaj n\u00ebn\u00ebs s\u00eb tij, nd\u00ebrsa momentin e krimit tha se 62-vje\u00e7ari kishte qen\u00eb i dehur dhe ka tentuar s\u00ebrish t\u00eb sulmoj\u00eb gruan e tij.<\/p>\n<p>N\u00eb tentativ\u00eb p\u00ebr t\u00eb mbrojtur n\u00ebn\u00ebn e tij, ai ka kapur thik\u00ebn dhe e ka goditur p\u00ebr vdekje t\u00eb atin, nd\u00ebrsa pak m\u00eb pas ka lajm\u00ebruar vet\u00eb policin\u00eb dhe ka njoftuar p\u00ebr krimin.<\/p>\n<p>Pas arrestimit, 35-vje\u00e7ari \u00ebsht\u00eb d\u00ebrguar n\u00eb spital p\u00ebr t\u2019i b\u00ebr\u00eb qepjet n\u00eb dor\u00eb, pasi ka mbetur i plagosur edhe nga furia me t\u00eb cil\u00ebn ka goditur babain e tij 62-vje\u00e7ar.<\/p>\n<\/div>\n","protected":false},"excerpt":{"rendered":"<p>Nj\u00eb ngjarje e r\u00ebnd\u00eb ka ndodhur n\u00eb nj\u00eb familje or\u00ebt e para t\u00eb s\u00eb diel\u00ebs&#8230;<\/p>\n","protected":false},"author":1,"featured_media":0,"comment_status":"open","ping_status":"open","sticky":false,"template":"","format":"standard","meta":{"om_disable_all_campaigns":false,"_monsterinsights_skip_tracking":false,"_monsterinsights_sitenote_active":false,"_monsterinsights_sitenote_note":"","_monsterinsights_sitenote_category":0,"_uf_show_specific_survey":0,"_uf_disable_surveys":false,"footnotes":""},"categories":[1],"tags":[],"class_list":["post-7022","post","type-post","status-publish","format-standard","hentry","category-uncategorized"],"aioseo_notices":[],"views":62,"_links":{"self":[{"href":"https:\/\/used82.com\/index.php?rest_route=\/wp\/v2\/posts\/7022","targetHints":{"allow":["GET"]}}],"collection":[{"href":"https:\/\/used82.com\/index.php?rest_route=\/wp\/v2\/posts"}],"about":[{"href":"https:\/\/used82.com\/index.php?rest_route=\/wp\/v2\/types\/post"}],"author":[{"embeddable":true,"href":"https:\/\/used82.com\/index.php?rest_route=\/wp\/v2\/users\/1"}],"replies":[{"embeddable":true,"href":"https:\/\/used82.com\/index.php?rest_route=%2Fwp%2Fv2%2Fcomments&post=7022"}],"version-history":[{"count":0,"href":"https:\/\/used82.com\/index.php?rest_route=\/wp\/v2\/posts\/7022\/revisions"}],"wp:attachment":[{"href":"https:\/\/used82.com\/index.php?rest_route=%2Fwp%2Fv2%2Fmedia&parent=7022"}],"wp:term":[{"taxonomy":"category","embeddable":true,"href":"https:\/\/used82.com\/index.php?rest_route=%2Fwp%2Fv2%2Fcategories&post=7022"},{"taxonomy":"post_tag","embeddable":true,"href":"https:\/\/used82.com\/index.php?rest_route=%2Fwp%2Fv2%2Ftags&post=7022"}],"curies":[{"name":"wp","href":"https:\/\/api.w.org\/{rel}","templated":true}]}}