{"id":7024,"date":"2023-12-31T15:21:29","date_gmt":"2023-12-31T15:21:29","guid":{"rendered":"https:\/\/used82.com\/?p=7024"},"modified":"2023-12-31T15:21:29","modified_gmt":"2023-12-31T15:21:29","slug":"qe-nga-neser-vetem-ky-lloj-mbushesi-do-te-perdoret-per-te-gjithe-telefonat-ne-evrope","status":"publish","type":"post","link":"https:\/\/used82.com\/?p=7024","title":{"rendered":"Q\u00eb nga nes\u00ebr vet\u00ebm ky lloj mbush\u00ebsi do t\u00eb p\u00ebrdoret p\u00ebr t\u00eb gjith\u00eb telefonat n\u00eb Evrop\u00eb"},"content":{"rendered":"<p><strong>Komisioni Evropian n\u00eb kumtes\u00ebn e sotme ka rikujtuar se nga viti 2024 t\u00eb gjith\u00eb telefonat, tablet\u00ebt dhe foto-aparatet n\u00eb BE duhet t\u00eb ken\u00eb t\u00eb nj\u00ebjtin mbush\u00ebs.<\/strong><\/p>\n<p>USB-C, i njohur si porti USB Type-C, do t\u00eb jet\u00eb porti standard, q\u00eb do t\u00eb thot\u00eb se prodhuesit e pajisjeve teknologjike duhet t\u2019i ken\u00eb n\u00eb p\u00ebrputhshm\u00ebri me k\u00ebt\u00eb USB t\u00eb gjith\u00eb mbush\u00ebsit.<\/p>\n<p>Ky vendim u mor nj\u00eb vit m\u00eb her\u00ebt.<\/p>\n<p>\u201cPritjes po i vjen fundi. Nga viti 2024, USB-C do t\u00eb jet\u00eb standard p\u00ebr t\u00eb gjith\u00eb pajisjet elektronike n\u00eb BE. Nga ky moment m\u00eb nuk do t\u00eb d\u00ebgjojm\u00eb, \u2018m\u00eb falni, nuk e kemi k\u00ebt\u00eb lloj t\u00eb kabllos\u201d, ka njoftuar Komisioni Evropian.<\/p>\n","protected":false},"excerpt":{"rendered":"<p>Komisioni Evropian n\u00eb kumtes\u00ebn e sotme ka rikujtuar se nga viti 2024 t\u00eb gjith\u00eb telefonat,&#8230;<\/p>\n","protected":false},"author":1,"featured_media":0,"comment_status":"open","ping_status":"open","sticky":false,"template":"","format":"standard","meta":{"om_disable_all_campaigns":false,"_monsterinsights_skip_tracking":false,"_monsterinsights_sitenote_active":false,"_monsterinsights_sitenote_note":"","_monsterinsights_sitenote_category":0,"_uf_show_specific_survey":0,"_uf_disable_surveys":false,"footnotes":""},"categories":[1],"tags":[],"class_list":["post-7024","post","type-post","status-publish","format-standard","hentry","category-uncategorized"],"aioseo_notices":[],"views":51,"_links":{"self":[{"href":"https:\/\/used82.com\/index.php?rest_route=\/wp\/v2\/posts\/7024","targetHints":{"allow":["GET"]}}],"collection":[{"href":"https:\/\/used82.com\/index.php?rest_route=\/wp\/v2\/posts"}],"about":[{"href":"https:\/\/used82.com\/index.php?rest_route=\/wp\/v2\/types\/post"}],"author":[{"embeddable":true,"href":"https:\/\/used82.com\/index.php?rest_route=\/wp\/v2\/users\/1"}],"replies":[{"embeddable":true,"href":"https:\/\/used82.com\/index.php?rest_route=%2Fwp%2Fv2%2Fcomments&post=7024"}],"version-history":[{"count":0,"href":"https:\/\/used82.com\/index.php?rest_route=\/wp\/v2\/posts\/7024\/revisions"}],"wp:attachment":[{"href":"https:\/\/used82.com\/index.php?rest_route=%2Fwp%2Fv2%2Fmedia&parent=7024"}],"wp:term":[{"taxonomy":"category","embeddable":true,"href":"https:\/\/used82.com\/index.php?rest_route=%2Fwp%2Fv2%2Fcategories&post=7024"},{"taxonomy":"post_tag","embeddable":true,"href":"https:\/\/used82.com\/index.php?rest_route=%2Fwp%2Fv2%2Ftags&post=7024"}],"curies":[{"name":"wp","href":"https:\/\/api.w.org\/{rel}","templated":true}]}}