{"id":7028,"date":"2023-12-31T15:25:52","date_gmt":"2023-12-31T15:25:52","guid":{"rendered":"https:\/\/used82.com\/?p=7028"},"modified":"2023-12-31T15:25:52","modified_gmt":"2023-12-31T15:25:52","slug":"do-derrasa-xhemajl-hasani-e-ekspozon-qeverine-kurti-tregon-se-si-su-punua-asgje-ne-cerdhen-qe-u-perurua-qe-nje-muaj","status":"publish","type":"post","link":"https:\/\/used82.com\/?p=7028","title":{"rendered":"\u201cDo d\u00ebrrasa\u201d- Xhemajl Hasani e ekspozon Qeverin\u00eb Kurti, tregon se si s\u2019u punua asgj\u00eb n\u00eb \u00e7erdhen q\u00eb u p\u00ebrurua q\u00eb nj\u00eb muaj"},"content":{"rendered":"<p><strong>Xhemajl Hasani, ish-kandidat p\u00ebr kryetar t\u00eb Komun\u00ebs s\u00eb Podujev\u00ebs nga radh\u00ebt e Nism\u00ebs Socialdemokrate, ka treguar se si tash e nj\u00eb muaj q\u00eb prej p\u00ebrurimit t\u00eb pun\u00ebve p\u00ebr \u00e7erdhen n\u00eb Batllav\u00eb t\u00eb Podujev\u00ebs nga pushteti e deri m\u00eb sot, s\u2019\u00ebsht\u00eb punuar asgj\u00eb.<\/strong><\/p>\n<p>Hasani ka shp\u00ebrndar\u00eb nj\u00eb video n\u00eb rrjetin social \u2018Facebook\u2019, duke th\u00ebn\u00eb se tash e 31 dit\u00eb pas p\u00ebrurimit t\u00eb kryeministrit Kurti dhe ministres Arb\u00ebrie Nagavci, s\u2019\u00ebsht\u00eb b\u00ebr\u00eb \u201casnj\u00eb or\u00eb pun\u00eb\u201d, shkruan Gazeta Insajderi.<\/p>\n<p>\u201c31 dite pas perurimit te punimeve sot me kerkese te banoreve te fshatit e kam vizituar hapesiren ku eshte parapare te ndertoj qerdhja. U befasove per te keq, ku asnje ore pune nuk ish bere ne zhvillimin e ketij projekti ku edhe banoret shprehen idinjaten e thell lidhur me mashtrimin qe po u\u2019aben ky pushtet\u201d, ka shkruar ai.<\/p>\n<p>Hasani ka ironizuar m\u00eb tej n\u00eb video duke th\u00ebn\u00eb se para disa dit\u00ebsh ai i kishte pare disa d\u00ebrrasa, mir\u00ebpo sot s\u2019i kishte gjetur n\u00eb hap\u00ebsir\u00ebn e destinuar p\u00ebr \u00e7erdhen n\u00eb fshatin Batllav\u00eb t\u00eb Podujev\u00ebs.<\/p>\n<p>Ai ka paralajm\u00ebruar se dit\u00ebve n\u00eb vijim do t\u00eb publikoj\u00eb edhe nj\u00eb mori rastesh.<\/p>\n<p><iframe loading=\"lazy\" src=\"https:\/\/www.facebook.com\/plugins\/video.php?height=476&amp;href=https%3A%2F%2Fwww.facebook.com%2Fxhemajlihasani%2Fvideos%2F733036821759813%2F&amp;show_text=true&amp;width=267&amp;t=0\" width=\"267\" height=\"591\" frameborder=\"0\" scrolling=\"no\" allowfullscreen=\"allowfullscreen\" data-mce-fragment=\"1\"><\/iframe><\/p>\n","protected":false},"excerpt":{"rendered":"<p>Xhemajl Hasani, ish-kandidat p\u00ebr kryetar t\u00eb Komun\u00ebs s\u00eb Podujev\u00ebs nga radh\u00ebt e Nism\u00ebs Socialdemokrate, ka&#8230;<\/p>\n","protected":false},"author":1,"featured_media":0,"comment_status":"open","ping_status":"open","sticky":false,"template":"","format":"standard","meta":{"om_disable_all_campaigns":false,"_monsterinsights_skip_tracking":false,"_monsterinsights_sitenote_active":false,"_monsterinsights_sitenote_note":"","_monsterinsights_sitenote_category":0,"_uf_show_specific_survey":0,"_uf_disable_surveys":false,"footnotes":""},"categories":[1],"tags":[],"class_list":["post-7028","post","type-post","status-publish","format-standard","hentry","category-uncategorized"],"aioseo_notices":[],"views":46,"_links":{"self":[{"href":"https:\/\/used82.com\/index.php?rest_route=\/wp\/v2\/posts\/7028","targetHints":{"allow":["GET"]}}],"collection":[{"href":"https:\/\/used82.com\/index.php?rest_route=\/wp\/v2\/posts"}],"about":[{"href":"https:\/\/used82.com\/index.php?rest_route=\/wp\/v2\/types\/post"}],"author":[{"embeddable":true,"href":"https:\/\/used82.com\/index.php?rest_route=\/wp\/v2\/users\/1"}],"replies":[{"embeddable":true,"href":"https:\/\/used82.com\/index.php?rest_route=%2Fwp%2Fv2%2Fcomments&post=7028"}],"version-history":[{"count":0,"href":"https:\/\/used82.com\/index.php?rest_route=\/wp\/v2\/posts\/7028\/revisions"}],"wp:attachment":[{"href":"https:\/\/used82.com\/index.php?rest_route=%2Fwp%2Fv2%2Fmedia&parent=7028"}],"wp:term":[{"taxonomy":"category","embeddable":true,"href":"https:\/\/used82.com\/index.php?rest_route=%2Fwp%2Fv2%2Fcategories&post=7028"},{"taxonomy":"post_tag","embeddable":true,"href":"https:\/\/used82.com\/index.php?rest_route=%2Fwp%2Fv2%2Ftags&post=7028"}],"curies":[{"name":"wp","href":"https:\/\/api.w.org\/{rel}","templated":true}]}}