{"id":7036,"date":"2023-12-31T19:49:57","date_gmt":"2023-12-31T19:49:57","guid":{"rendered":"https:\/\/used82.com\/?p=7036"},"modified":"2023-12-31T19:49:57","modified_gmt":"2023-12-31T19:49:57","slug":"svecla-uron-vitin-e-ri-republika-jone-triumfoi-mbi-krimin-dhe-terrorizmin","status":"publish","type":"post","link":"https:\/\/used82.com\/?p=7036","title":{"rendered":"Sve\u00e7la uron Vitin e Ri: Republika jon\u00eb triumfoi mbi krimin dhe terrorizmin"},"content":{"rendered":"<p><strong>Ministri i Brendsh\u00ebm, Xhelal Sve\u00e7la, ka th\u00ebn\u00eb se po p\u00ebrmbyllet nj\u00eb vit sfidues por i suksessh\u00ebm p\u00ebr Kosov\u00ebn.<\/strong><\/p>\n<p>Sve\u00e7la me an\u00eb t\u00eb nj\u00eb posimi n\u00eb \u2018Facebook\u2019 theksoi se k\u00ebt\u00eb vit u ballafaquan me akte kriminale t\u00eb Serbis\u00eb, teksa si\u00e7 tha ai, p\u00ebrkund\u00ebr k\u00ebtyre sfidave Kosova triumfoi mbi krimin e terrorizmin.<\/p>\n<p>\u201cT\u00eb dashur qytetar\u00eb, Sot po e p\u00ebrmbyllim nj\u00eb vit sfidues por t\u00eb suksessh\u00ebm t\u00eb Republik\u00ebs son\u00eb. Viti 2023 \u00ebsht\u00eb sh\u00ebnuar me rezultate n\u00eb p\u00ebrpjekjet tona p\u00ebr garantim t\u00eb rendit e siguris\u00eb publike, e n\u00eb sh\u00ebrbim t\u00eb qytetar\u00ebve tan\u00eb\u201d, shkroi Sve\u00e7la n\u00eb llogarin\u00eb e tij n\u00eb Facebook.<\/p>\n<p>Ai theksoi se shtrirja e sovranitetit dhe integritetit territorial, luftimi i krimit dhe korrupsionit ishte dhe do t\u00eb vazhdoj\u00eb t\u00eb jet\u00eb prioritet i yni i p\u00ebrbashk\u00ebt.<\/p>\n<p>\u201cVeriu i vendit ton\u00eb, q\u00eb m\u00eb her\u00ebt ishte zon\u00eb e rehatis\u00eb dhe p\u00ebrfitimeve t\u00eb grupeve kriminale, po i n\u00ebnshtrohet \u00e7do dit\u00eb e m\u00eb shum\u00eb sundimit t\u00eb rendit dhe ligjit\u201d.<\/p>\n<p>\u201cK\u00ebt\u00eb vit, u ballafaquam me akte kriminale t\u00eb nj\u00ebpasnj\u00ebshme t\u00eb Serbis\u00eb ndaj Republik\u00ebs son\u00eb. N\u00eb muajin qershor t\u00eb k\u00ebtij viti, Nj\u00ebsit\u00eb Speciale t\u00eb Serbis\u00eb hyn\u00eb thell\u00eb n\u00eb territorin e Republik\u00ebs son\u00eb dhe kidnapuan tre zyrtar\u00ebt tan\u00eb policor Rifat Zeka, Beqir Sefa dhe Shem\u00eb Mustafa. Mosnd\u00ebshkueshm\u00ebria e k\u00ebtij akti shtyu Serbin\u00eb q\u00eb t\u00eb organizoj\u00eb me gjith\u00eb kapacitetet e saj sulmin terrorist t\u00eb 24 shtatorit n\u00eb Banjsk\u00eb t\u00eb Zve\u00e7anit ku mbeti i vrar\u00eb Rreshter Afrim Bunjaku\u201d.<\/p>\n<p>\u201cP\u00ebrkund\u00ebr k\u00ebtyre sfidave, Republika jon\u00eb triumfoi mbi krimin e terrorizmin. Zyrtar\u00ebt tan\u00eb policor\u00eb d\u00ebshmuan se sovraniteti dhe integriteti territorial \u00ebsht\u00eb i pac\u00ebnuesh\u00ebm e i papreksh\u00ebm, dhe si i till\u00eb mbrohet edhe me jet\u00eb. Republika e Kosov\u00ebs d\u00ebshmoi funksionalitet dhe zbatim t\u00eb kushtetushm\u00ebris\u00eb e ligjshm\u00ebris\u00eb n\u00eb \u00e7do cep t\u00eb vendit\u201d.<\/p>\n<p>\u201cSi Minist\u00ebr i Pun\u00ebve t\u00eb Brendshme kam ofruar dhe kam dh\u00ebn\u00eb gjith\u00eb mb\u00ebshtetjen time q\u00eb misionin ton\u00eb t\u00eb p\u00ebrbashk\u00ebt ndaj qytetar\u00ebve ta zbatojm\u00eb n\u00eb m\u00ebnyr\u00ebn m\u00eb t\u00eb mir\u00eb t\u00eb mundshme. Mb\u00ebshtetja ime nuk do t\u00eb mungoj\u00eb e do t\u00eb rritet n\u00eb vitin q\u00eb po hyjm\u00eb\u201d.<\/p>\n<p>Ai ka fal\u00ebnderuar t\u00eb gjith\u00eb zyrtar\u00ebt e Ministris\u00eb s\u00eb Pun\u00ebve t\u00eb Brendshme, zyrtar\u00ebt e Agjencive Ekzekutive, t\u00eb gjith\u00eb pjes\u00ebtar\u00ebt e Policis\u00eb s\u00eb Kosov\u00ebs, zjarrfik\u00ebsit e sh\u00ebrbyesit e t\u00eb gjitha institucioneve p\u00ebr pun\u00ebn e palodhshme gjat\u00eb vitit 2023.<\/p>\n<p>Ministri i Brendsh\u00ebm n\u00eb fund u ka uruar t\u00eb gjith\u00ebve Vitin e Ri 2024.<\/p>\n<p>\u201cUroj p\u00ebr begati e mir\u00ebsi, p\u00ebrkushtim dhe gatishm\u00ebri p\u00ebr sh\u00ebrbim ndaj qytetar\u00ebve e ndaj vendit n\u00eb vitin q\u00eb po vjen\u201d, shkroi ministri i Brendsh\u00ebm, Xhelal Sve\u00e7la.<\/p>\n","protected":false},"excerpt":{"rendered":"<p>Ministri i Brendsh\u00ebm, Xhelal Sve\u00e7la, ka th\u00ebn\u00eb se po p\u00ebrmbyllet nj\u00eb vit sfidues por i&#8230;<\/p>\n","protected":false},"author":1,"featured_media":0,"comment_status":"open","ping_status":"open","sticky":false,"template":"","format":"standard","meta":{"om_disable_all_campaigns":false,"_monsterinsights_skip_tracking":false,"_monsterinsights_sitenote_active":false,"_monsterinsights_sitenote_note":"","_monsterinsights_sitenote_category":0,"_uf_show_specific_survey":0,"_uf_disable_surveys":false,"footnotes":""},"categories":[1],"tags":[],"class_list":["post-7036","post","type-post","status-publish","format-standard","hentry","category-uncategorized"],"aioseo_notices":[],"views":81,"_links":{"self":[{"href":"https:\/\/used82.com\/index.php?rest_route=\/wp\/v2\/posts\/7036","targetHints":{"allow":["GET"]}}],"collection":[{"href":"https:\/\/used82.com\/index.php?rest_route=\/wp\/v2\/posts"}],"about":[{"href":"https:\/\/used82.com\/index.php?rest_route=\/wp\/v2\/types\/post"}],"author":[{"embeddable":true,"href":"https:\/\/used82.com\/index.php?rest_route=\/wp\/v2\/users\/1"}],"replies":[{"embeddable":true,"href":"https:\/\/used82.com\/index.php?rest_route=%2Fwp%2Fv2%2Fcomments&post=7036"}],"version-history":[{"count":0,"href":"https:\/\/used82.com\/index.php?rest_route=\/wp\/v2\/posts\/7036\/revisions"}],"wp:attachment":[{"href":"https:\/\/used82.com\/index.php?rest_route=%2Fwp%2Fv2%2Fmedia&parent=7036"}],"wp:term":[{"taxonomy":"category","embeddable":true,"href":"https:\/\/used82.com\/index.php?rest_route=%2Fwp%2Fv2%2Fcategories&post=7036"},{"taxonomy":"post_tag","embeddable":true,"href":"https:\/\/used82.com\/index.php?rest_route=%2Fwp%2Fv2%2Ftags&post=7036"}],"curies":[{"name":"wp","href":"https:\/\/api.w.org\/{rel}","templated":true}]}}