{"id":7038,"date":"2023-12-31T19:52:07","date_gmt":"2023-12-31T19:52:07","guid":{"rendered":"https:\/\/used82.com\/?p=7038"},"modified":"2023-12-31T19:52:07","modified_gmt":"2023-12-31T19:52:07","slug":"mehaj-tregon-shifren-se-sa-u-investuan-ne-blerjen-e-sistemeve-te-armatimeve-per-dy-vite","status":"publish","type":"post","link":"https:\/\/used82.com\/?p=7038","title":{"rendered":"Mehaj tregon shifr\u00ebn se sa u investuan n\u00eb blerjen e sistemeve t\u00eb armatimeve p\u00ebr dy vite"},"content":{"rendered":"<p><strong>Ish-ministri i Mbrojtjes, Armend Mehaj p\u00ebrmes nj\u00eb grafike ka b\u00ebr\u00eb t\u00eb ditur se q\u00eb nga vitit 2021 e deri m\u00eb 2023, investimet n\u00eb blerjen e sistemeve t\u00eb armatimit kan\u00eb kaluar mbi 292 milion\u00eb euro.<\/strong><\/p>\n<p>Ai \u00ebsht\u00eb shprehur se t\u00eb arrihet ky investim n\u00eb Ushtrin\u00eb e Kosov\u00ebs, sipas tij, ka qen\u00eb objektivi kryesor gjat\u00eb drejtimit t\u00eb Ministris\u00eb s\u00eb Mbrojtjes.<\/p>\n<p>\u201cMe arrit\u00eb k\u00ebt\u00eb investim n\u00eb ushtrin\u00eb e Kosov\u00ebs, ka qen\u00eb objektivi yn\u00eb kryesore gjat\u00eb drejtimit t\u00eb Ministris\u00eb s\u00eb Mbrojtjes (mars 2021-gusht 2023). Jam i lumtur q\u00eb gjat\u00eb periudh\u00ebs 2021-2023 p\u00ebr fush\u00ebn e mbrojtjes jan\u00eb arritur shifra t\u00eb larta t\u00eb investohen n\u00eb blerjen e armatimit p\u00ebr nevojat e ushtris\u00eb s\u00eb Kosov\u00ebs\u201d.<\/p>\n<p>\u201cKjo \u00ebsht\u00eb arritur fal pun\u00ebs son\u00eb, bashke me Kabinetin tim, Shtabin e FSK-s\u00eb, personelin e Ministris\u00eb s\u00eb Mbrojtjes dhe fal p\u00ebrkrahjes t\u00eb kryeministrit Albin Kurti. N\u00eb k\u00ebt\u00eb zinxhir t\u00eb bashk\u00ebpunimit nuk harrojm\u00eb as aleatet ton\u00eb t\u00eb NATO-s\u00eb n\u00eb krye me Shtetet e Bashkuara t\u00eb Amerik\u00ebs dhe marr\u00ebveshjet shtet me shtet q\u00eb i b\u00ebra gjat\u00eb mandatit\u201d, ka shkruar Mehaj n\u00eb Facebook.<\/p>\n<p>Mehaj u shpreh se Kosova duhet t\u00eb an\u00ebtar\u00ebsohet n\u00eb NATO sepse, sipas tij kjo \u00ebsht\u00eb siguri p\u00ebr vet NATO-n.<\/p>\n<p>\u201cKosova, duhet t\u00eb an\u00ebtar\u00ebsohet n\u00eb NATO sepse kjo \u00ebsht\u00eb siguri p\u00ebr vet NATO-n\u00eb, Ballkanin dhe Republik\u00ebn e Kosov\u00ebs. Uroj q\u00eb objektivat e fush\u00ebs s\u00eb mbrojtjes t\u00eb i arrin\u00eb edhe me tytje nga 2024. Konsideroj se e kam kryer nj\u00eb pjes\u00eb t\u00eb amanetit n\u00eb drejtimin e Ministris\u00eb s\u00eb Mbrojtjes dhe fal\u00ebnderoj d\u00ebshmor\u00ebt e kombit, familjet e tyre, veteran\u00ebt dhe invalidet e luft\u00ebs\u201d.<\/p>\n<p>\u201cUroj vitin e ri 2024 gjith\u00eb shqiptar\u00ebve ku do q\u00eb jan\u00eb dhe vendeve tona partnere, me shpres\u00ebn p\u00ebr paqe, siguri e stabilitet n\u00eb gjith\u00eb bot\u00ebn. Nj\u00eb fjal\u00eb e urt\u00eb popullore thot\u00eb: \u201cpun\u00eb shum\u00eb, e fjal\u00eb pak\u201d e konsideroj se populli \u00ebsht\u00eb vler\u00ebsuesi me i drejte i pun\u00ebs sime dhe pun\u00ebs son\u00eb n\u00eb sh\u00ebrbim t\u00eb popullit\u201d.<\/p>\n<p>\u201cN\u00eb vizit\u00eb q\u00eb ju kam b\u00ebr\u00eb mbi 500 familjeve t\u00eb d\u00ebshmorve gjithandej Kosov\u00ebs dhe shqipris\u00eb, kam theksuar se misioni im i vet\u00ebm \u00ebsht\u00eb forcimi i ushtris\u00eb s\u00eb Kosov\u00ebs, objektiv t\u00eb cil\u00ebn e kemi arritur si asnj\u00ebher\u00eb me par\u00eb. At\u00ebher\u00eb kur e k\u00ebrkon populli dhe shteti, un\u00eb si asnj\u00ebher\u00eb me par\u00eb jam i gatsh\u00ebm t\u00eb i sh\u00ebrbej atdheut tim\u201d, ka shkruar tutje Mehaj.<\/p>\n","protected":false},"excerpt":{"rendered":"<p>Ish-ministri i Mbrojtjes, Armend Mehaj p\u00ebrmes nj\u00eb grafike ka b\u00ebr\u00eb t\u00eb ditur se q\u00eb nga&#8230;<\/p>\n","protected":false},"author":1,"featured_media":0,"comment_status":"open","ping_status":"open","sticky":false,"template":"","format":"standard","meta":{"om_disable_all_campaigns":false,"_monsterinsights_skip_tracking":false,"_monsterinsights_sitenote_active":false,"_monsterinsights_sitenote_note":"","_monsterinsights_sitenote_category":0,"_uf_show_specific_survey":0,"_uf_disable_surveys":false,"footnotes":""},"categories":[1],"tags":[],"class_list":["post-7038","post","type-post","status-publish","format-standard","hentry","category-uncategorized"],"aioseo_notices":[],"views":117,"_links":{"self":[{"href":"https:\/\/used82.com\/index.php?rest_route=\/wp\/v2\/posts\/7038","targetHints":{"allow":["GET"]}}],"collection":[{"href":"https:\/\/used82.com\/index.php?rest_route=\/wp\/v2\/posts"}],"about":[{"href":"https:\/\/used82.com\/index.php?rest_route=\/wp\/v2\/types\/post"}],"author":[{"embeddable":true,"href":"https:\/\/used82.com\/index.php?rest_route=\/wp\/v2\/users\/1"}],"replies":[{"embeddable":true,"href":"https:\/\/used82.com\/index.php?rest_route=%2Fwp%2Fv2%2Fcomments&post=7038"}],"version-history":[{"count":0,"href":"https:\/\/used82.com\/index.php?rest_route=\/wp\/v2\/posts\/7038\/revisions"}],"wp:attachment":[{"href":"https:\/\/used82.com\/index.php?rest_route=%2Fwp%2Fv2%2Fmedia&parent=7038"}],"wp:term":[{"taxonomy":"category","embeddable":true,"href":"https:\/\/used82.com\/index.php?rest_route=%2Fwp%2Fv2%2Fcategories&post=7038"},{"taxonomy":"post_tag","embeddable":true,"href":"https:\/\/used82.com\/index.php?rest_route=%2Fwp%2Fv2%2Ftags&post=7038"}],"curies":[{"name":"wp","href":"https:\/\/api.w.org\/{rel}","templated":true}]}}