{"id":7042,"date":"2023-12-31T19:56:05","date_gmt":"2023-12-31T19:56:05","guid":{"rendered":"https:\/\/used82.com\/?p=7042"},"modified":"2023-12-31T19:56:05","modified_gmt":"2023-12-31T19:56:05","slug":"kurti-e-permbyll-vitin-me-nje-dasme-ne-prishtine-hedh-valle","status":"publish","type":"post","link":"https:\/\/used82.com\/?p=7042","title":{"rendered":"Kurti e p\u00ebrmbyll vitin me nj\u00eb dasm\u00eb n\u00eb Prishtin\u00eb, hedh valle"},"content":{"rendered":"<article id=\"post-15186\" class=\"post-15186 post type-post status-publish format-standard has-post-thumbnail hentry category-uncategorized\">\n<div class=\"entry-content\">\n<p><strong>Kryeministri i vendit, Albin Kurti, duket ta ket\u00eb p\u00ebrmbyll\u00eb vitin 2023 me nj\u00eb gazmend.<\/strong><\/p>\n<p>Ai \u00ebsht\u00eb par\u00eb mbr\u00ebm\u00eb t\u00eb ket\u00eb qen\u00eb pjes\u00eb e nj\u00eb dasme, n\u00eb nj\u00eb ceremoni martesore t\u00eb nj\u00eb \u00e7ifti.<\/p>\n<p>Dasma \u00ebsht\u00eb mbajtur n\u00eb nj\u00eb prej hoteleve n\u00eb Prishtin\u00eb.<\/p>\n<p>N\u00eb pamjet t\u00eb cilat ka siguruar Klan Kosova, kryeministri shihet mes \u00e7iftit, nd\u00ebrsa hedh valle me ta, shoq\u00ebruar dhe bashk\u00eb me t\u00eb ftuarit tjer\u00eb.<\/p>\n<figure class=\"wp-block-embed is-type-video is-provider-youtube wp-block-embed-youtube wp-embed-aspect-16-9 wp-has-aspect-ratio\">\n<div class=\"wp-block-embed__wrapper\"><iframe loading=\"lazy\" title=\"Kurti vallezon bashke me \u00e7iftin ne nje dasme - Klan Kosova\" src=\"https:\/\/www.youtube.com\/embed\/DZmmUJNr9OE?feature=oembed\" width=\"640\" height=\"360\" frameborder=\"0\" allowfullscreen=\"allowfullscreen\" data-mce-fragment=\"1\" data-origwidth=\"640\" data-origheight=\"360\"><\/iframe><\/div>\n<\/figure>\n<\/div>\n<\/article>\n","protected":false},"excerpt":{"rendered":"<p>Kryeministri i vendit, Albin Kurti, duket ta ket\u00eb p\u00ebrmbyll\u00eb vitin 2023 me nj\u00eb gazmend. Ai&#8230;<\/p>\n","protected":false},"author":1,"featured_media":0,"comment_status":"open","ping_status":"open","sticky":false,"template":"","format":"standard","meta":{"om_disable_all_campaigns":false,"_monsterinsights_skip_tracking":false,"_monsterinsights_sitenote_active":false,"_monsterinsights_sitenote_note":"","_monsterinsights_sitenote_category":0,"_uf_show_specific_survey":0,"_uf_disable_surveys":false,"footnotes":""},"categories":[1],"tags":[],"class_list":["post-7042","post","type-post","status-publish","format-standard","hentry","category-uncategorized"],"aioseo_notices":[],"views":96,"_links":{"self":[{"href":"https:\/\/used82.com\/index.php?rest_route=\/wp\/v2\/posts\/7042","targetHints":{"allow":["GET"]}}],"collection":[{"href":"https:\/\/used82.com\/index.php?rest_route=\/wp\/v2\/posts"}],"about":[{"href":"https:\/\/used82.com\/index.php?rest_route=\/wp\/v2\/types\/post"}],"author":[{"embeddable":true,"href":"https:\/\/used82.com\/index.php?rest_route=\/wp\/v2\/users\/1"}],"replies":[{"embeddable":true,"href":"https:\/\/used82.com\/index.php?rest_route=%2Fwp%2Fv2%2Fcomments&post=7042"}],"version-history":[{"count":0,"href":"https:\/\/used82.com\/index.php?rest_route=\/wp\/v2\/posts\/7042\/revisions"}],"wp:attachment":[{"href":"https:\/\/used82.com\/index.php?rest_route=%2Fwp%2Fv2%2Fmedia&parent=7042"}],"wp:term":[{"taxonomy":"category","embeddable":true,"href":"https:\/\/used82.com\/index.php?rest_route=%2Fwp%2Fv2%2Fcategories&post=7042"},{"taxonomy":"post_tag","embeddable":true,"href":"https:\/\/used82.com\/index.php?rest_route=%2Fwp%2Fv2%2Ftags&post=7042"}],"curies":[{"name":"wp","href":"https:\/\/api.w.org\/{rel}","templated":true}]}}