{"id":7048,"date":"2023-12-31T21:54:44","date_gmt":"2023-12-31T21:54:44","guid":{"rendered":"https:\/\/used82.com\/?p=7048"},"modified":"2023-12-31T21:54:44","modified_gmt":"2023-12-31T21:54:44","slug":"kurti-konjufca-e-svecla-i-shkojne-ne-konak-hetemit","status":"publish","type":"post","link":"https:\/\/used82.com\/?p=7048","title":{"rendered":"Kurti, Konjufca e Sve\u00e7la i shkojn\u00eb n\u00eb konak Hetemit"},"content":{"rendered":"<p>Kryeministri i Kosov\u00ebs, Albin Kurti, i shoq\u00ebruar nga kryetari i kuvendit t\u00eb Kosov\u00ebs, Glauk Konjufca, ministri i Pun\u00ebve t\u00eb Brendshme, Xhelal Sve\u00e7la dhe kryetari i Mitrovic\u00ebs s\u00eb Veriut, Erden Atiq i kan\u00eb shkuar n\u00eb konak kryetarit t\u00eb Leposaviqit, Lulzim Hetemit.<\/p>\n<p>Kurti theksoi se Hetemi u tregoi p\u00ebr pun\u00ebt e mira q\u00eb po b\u00ebhen n\u00eb komun\u00ebn e Leposaviqit, p\u00ebr rregullin e vendosur, planet zhvillimore dhe korrekt\u00ebsin\u00eb e praktikuar.<ins><\/ins><\/p>\n<p>\u201cPara tri dit\u00ebve, kryetari i komun\u00ebs s\u00eb Leposaviqit, Lulzim Hetemi, doli nga zyra e tij dhe e vizitoi kryetarin e komun\u00ebs veriore t\u00eb Mitrovic\u00ebs, Erden Atiqin. E ky ia ktheu sonte vizit\u00ebn n\u00eb sht\u00ebpin\u00eb e Lulzimit ku ishin mbledhur familja e gjer\u00eb e tij. Me Erdenin ishim edhe ne: Kryetari i Kuvendit t\u00eb Kosov\u00ebs, Glauk Konjufca, Ministri i Pun\u00ebve t\u00eb Brendshme, Xhelal Sve\u00e7la, dhe, un\u00eb\u201d, shkroi Kurti.<\/p>\n<p>\u201cNa njoftoi p\u00ebr aq shum\u00eb pal\u00eb q\u00eb i pret gjat\u00eb dit\u00ebs, p\u00ebrdit\u00eb, \u00e7do or\u00eb. Ua d\u00ebgjon me v\u00ebmendje ankesat e k\u00ebrkesat dhe i shqyrton ato me seriozitet e i trajton me shpejt\u00ebsi. Serbishtja e tij nuk \u00ebsht\u00eb aq e mir\u00eb, ashtu qysh nuk \u00ebsht\u00eb e mir\u00eb as shqipja e serb\u00ebve n\u00eb Leposaviq, mir\u00ebpo shum\u00eb mir\u00eb po merren vesh sepse e kan\u00eb q\u00ebllimin e mir\u00eb, interesimin e nj\u00ebmendt\u00eb dhe interesin e p\u00ebrbashk\u00ebt p\u00ebr mir\u00ebqenie dhe t\u00eb drejta p\u00ebr t\u00eb gjith\u00eb qytetar\u00ebt pa dallim. Lulzim Hetemi \u00ebsht\u00eb udh\u00ebheq\u00ebs i drejt\u00eb dhe pun\u00ebtor\u201d, shtoi tutjej shefi i qeveris\u00eb.<\/p>\n<p>\u201cN\u00eb fest\u00ebn e Vitit t\u00eb Ri n\u00eb gjirin familjar ishin edhe Kosovarja, vajza e Kryetarit, dhe Albaniku, t\u00eb dy mbes\u00eb e nip t\u00eb d\u00ebshmor\u00ebs Fatime Hetemi, e q\u00eb pardje u b\u00ebn\u00eb pjes\u00eb e 325 rekrut\u00ebve t\u00eb rinj t\u00eb cil\u00ebt iu bashkuan ushtris\u00eb son\u00eb, Forc\u00ebs s\u00eb Siguris\u00eb s\u00eb Kosov\u00ebs\u201d.<\/p>\n<p>Ai theksoi se pasi e kan\u00eb p\u00ebrfunduar vizit\u00ebn, Hetemi \u00ebsht\u00eb kthyer n\u00eb zyr\u00ebn e tij n\u00eb Leposaviq.<\/p>\n<p>\u201cPas k\u00ebsaj vizite sonte n\u00eb familjen e Lulzim Hetemit, ne u kthyem n\u00eb Prishtin\u00eb p\u00ebr t\u00eb vazhduar fest\u00ebn, nd\u00ebrkaq ai u nis p\u00ebr n\u00eb zyr\u00ebn e tij n\u00eb Leposaviq p\u00ebr t\u00eb punuar dhe festuar me disa koleg\u00eb t\u00eb tij si dhe me polic\u00ebt tan\u00eb e ushtar\u00ebt e KFOR-it amerikan\u201d.<\/p>\n<p>\u201cViti 2023 ishte fort i ve\u00e7ant\u00eb p\u00ebr Lulzim Hetemin: nuk ia ka marr\u00eb mendja q\u00eb do t\u00eb b\u00ebhet kryetar komune e mandej aq m\u00eb pak q\u00eb do ta pres nd\u00ebrrimin e motmoteve si kryetar komune. Kryetari i komun\u00ebs s\u00eb Leposaviqit, Lulzim Hetemi, \u00ebsht\u00eb kryetari m\u00eb i r\u00ebnd\u00ebsish\u00ebm, jo vet\u00ebm n\u00eb Kosov\u00eb, jo vet\u00ebm i komun\u00ebs. \u00a0G\u00ebzuar 2024!\u201d.<\/p>\n","protected":false},"excerpt":{"rendered":"<p>Kryeministri i Kosov\u00ebs, Albin Kurti, i shoq\u00ebruar nga kryetari i kuvendit t\u00eb Kosov\u00ebs, Glauk Konjufca,&#8230;<\/p>\n","protected":false},"author":1,"featured_media":0,"comment_status":"open","ping_status":"open","sticky":false,"template":"","format":"standard","meta":{"om_disable_all_campaigns":false,"_monsterinsights_skip_tracking":false,"_monsterinsights_sitenote_active":false,"_monsterinsights_sitenote_note":"","_monsterinsights_sitenote_category":0,"_uf_show_specific_survey":0,"_uf_disable_surveys":false,"footnotes":""},"categories":[1],"tags":[],"class_list":["post-7048","post","type-post","status-publish","format-standard","hentry","category-uncategorized"],"aioseo_notices":[],"views":89,"_links":{"self":[{"href":"https:\/\/used82.com\/index.php?rest_route=\/wp\/v2\/posts\/7048","targetHints":{"allow":["GET"]}}],"collection":[{"href":"https:\/\/used82.com\/index.php?rest_route=\/wp\/v2\/posts"}],"about":[{"href":"https:\/\/used82.com\/index.php?rest_route=\/wp\/v2\/types\/post"}],"author":[{"embeddable":true,"href":"https:\/\/used82.com\/index.php?rest_route=\/wp\/v2\/users\/1"}],"replies":[{"embeddable":true,"href":"https:\/\/used82.com\/index.php?rest_route=%2Fwp%2Fv2%2Fcomments&post=7048"}],"version-history":[{"count":0,"href":"https:\/\/used82.com\/index.php?rest_route=\/wp\/v2\/posts\/7048\/revisions"}],"wp:attachment":[{"href":"https:\/\/used82.com\/index.php?rest_route=%2Fwp%2Fv2%2Fmedia&parent=7048"}],"wp:term":[{"taxonomy":"category","embeddable":true,"href":"https:\/\/used82.com\/index.php?rest_route=%2Fwp%2Fv2%2Fcategories&post=7048"},{"taxonomy":"post_tag","embeddable":true,"href":"https:\/\/used82.com\/index.php?rest_route=%2Fwp%2Fv2%2Ftags&post=7048"}],"curies":[{"name":"wp","href":"https:\/\/api.w.org\/{rel}","templated":true}]}}