{"id":7050,"date":"2023-12-31T21:56:35","date_gmt":"2023-12-31T21:56:35","guid":{"rendered":"https:\/\/used82.com\/?p=7050"},"modified":"2023-12-31T21:56:35","modified_gmt":"2023-12-31T21:56:35","slug":"haradinaj-kurti-eshte-ne-gjendje-me-ia-shti-flaken-kosoves","status":"publish","type":"post","link":"https:\/\/used82.com\/?p=7050","title":{"rendered":"Haradinaj: Kurti \u00ebsht\u00eb n\u00eb gjendje me ia shti flak\u00ebn Kosov\u00ebs"},"content":{"rendered":"<p><strong>Kryetari i Aleanc\u00ebs p\u00ebr Ardhm\u00ebrin\u00eb e Kosov\u00eb (AAK) Ramush Haradinaj, ka vler\u00ebsuar se p\u00ebr gati tri vite, Qeveria Kurti nuk ka b\u00ebr\u00eb thuajse asgj\u00eb n\u00eb t\u00eb mir\u00eb t\u00eb vendit.<\/strong><\/p>\n<p>N\u00eb nj\u00eb intervist\u00eb p\u00ebr Telegrafin, Haradinaj tha se n\u00ebn drejtimin e Kurtit, Kosova \u00ebsht\u00eb kthyer prapa n\u00eb shum\u00eb aspekte.<\/p>\n<p>Ai p\u00ebrmendi ekonomin\u00eb, sigurin\u00eb, politik\u00ebn e jashtme, e po ashtu koston e jetes\u00ebs, duke e nd\u00ebrlidhur k\u00ebshtu me rritjen e faturave t\u00eb energjis\u00eb elektrike gjat\u00eb dhjetorit.<\/p>\n<p>Deklarimet e Presidentes Vjosa Osmani dhe Kryeministrit Albin Kurti se mund t\u00eb ket\u00eb s\u00ebrish sulme n\u00eb veri nga grupe t\u00eb armatosura, Haradinaj i quajti t\u00eb koordinuara me presidentin serb, Aleksandar Vu\u00e7iq.<\/p>\n<p>\u201cE shoh rrezikun n\u00eb veri, por rreziku vjen nga strategjia e Kurtit\u201d.<\/p>\n<p>Madje ai shkoi edhe m\u00eb larg, duke th\u00ebn\u00eb se Kurti \u00ebsht\u00eb n\u00eb gjendje me ia shti flak\u00ebn Kosov\u00ebs, vet\u00ebm q\u00eb ta ruaj\u00eb popullaritetin dhe pushtetin e tij.<\/p>\n<p>\u201cKurti, duke e pa gjendjen jo t\u00eb mir\u00eb n\u00eb ekonomi, e problem t\u00eb tjera me korrupsionin, ai shpreson me incidente n\u00eb veri, n\u00eb nacionaliz\u00ebm p\u00ebr me e rrit\u00eb \u201cratingun\u201d. Kurti \u00ebsht\u00eb n\u00eb gjendje me ia shti flak\u00ebn Kosov\u00ebs, vet\u00ebm q\u00eb ta ruaj\u00eb popullaritetin dhe pushtetin e tij\u201d, deklaroi ai.<\/p>\n<p>Duke folur p\u00ebr Asociacionin, Haradinaj tha se do duhej Kosova ta propozonte nj\u00eb Draft \u2013 Statut, e tani sipas tij, dokumenti i Asociacionit quhet 1244, q\u00eb i bie kthim para \u201cPakos s\u00eb Ahtisaarit\u201d.<\/p>\n<p>Haradinaj, 2024-\u00ebn e quajti vit zgjedhor.<\/p>\n","protected":false},"excerpt":{"rendered":"<p>Kryetari i Aleanc\u00ebs p\u00ebr Ardhm\u00ebrin\u00eb e Kosov\u00eb (AAK) Ramush Haradinaj, ka vler\u00ebsuar se p\u00ebr gati&#8230;<\/p>\n","protected":false},"author":1,"featured_media":0,"comment_status":"open","ping_status":"open","sticky":false,"template":"","format":"standard","meta":{"om_disable_all_campaigns":false,"_monsterinsights_skip_tracking":false,"_monsterinsights_sitenote_active":false,"_monsterinsights_sitenote_note":"","_monsterinsights_sitenote_category":0,"_uf_show_specific_survey":0,"_uf_disable_surveys":false,"footnotes":""},"categories":[1],"tags":[],"class_list":["post-7050","post","type-post","status-publish","format-standard","hentry","category-uncategorized"],"aioseo_notices":[],"views":84,"_links":{"self":[{"href":"https:\/\/used82.com\/index.php?rest_route=\/wp\/v2\/posts\/7050","targetHints":{"allow":["GET"]}}],"collection":[{"href":"https:\/\/used82.com\/index.php?rest_route=\/wp\/v2\/posts"}],"about":[{"href":"https:\/\/used82.com\/index.php?rest_route=\/wp\/v2\/types\/post"}],"author":[{"embeddable":true,"href":"https:\/\/used82.com\/index.php?rest_route=\/wp\/v2\/users\/1"}],"replies":[{"embeddable":true,"href":"https:\/\/used82.com\/index.php?rest_route=%2Fwp%2Fv2%2Fcomments&post=7050"}],"version-history":[{"count":0,"href":"https:\/\/used82.com\/index.php?rest_route=\/wp\/v2\/posts\/7050\/revisions"}],"wp:attachment":[{"href":"https:\/\/used82.com\/index.php?rest_route=%2Fwp%2Fv2%2Fmedia&parent=7050"}],"wp:term":[{"taxonomy":"category","embeddable":true,"href":"https:\/\/used82.com\/index.php?rest_route=%2Fwp%2Fv2%2Fcategories&post=7050"},{"taxonomy":"post_tag","embeddable":true,"href":"https:\/\/used82.com\/index.php?rest_route=%2Fwp%2Fv2%2Ftags&post=7050"}],"curies":[{"name":"wp","href":"https:\/\/api.w.org\/{rel}","templated":true}]}}