{"id":7052,"date":"2023-12-31T21:58:40","date_gmt":"2023-12-31T21:58:40","guid":{"rendered":"https:\/\/used82.com\/?p=7052"},"modified":"2023-12-31T21:58:40","modified_gmt":"2023-12-31T21:58:40","slug":"bora-tregon-si-eshte-takuar-me-donaldin-dhe-zbulon-mesazhin-e-tij-te-pare","status":"publish","type":"post","link":"https:\/\/used82.com\/?p=7052","title":{"rendered":"Bora tregon si \u00ebsht\u00eb takuar me Donaldin dhe zbulon mesazhin e tij t\u00eb par\u00eb"},"content":{"rendered":"<p>Bora Zemani ishte e ftuar n\u00eb \u201cS\u2019e luan topi\u201d n\u00eb nj\u00eb rr\u00ebfim shum\u00eb t\u00eb ndjer\u00eb. Moderatorja tregoi sesi e ka takuar p\u00ebr her\u00eb t\u00eb par\u00eb Donaldin, mesazhin e tij t\u00eb par\u00eb dhe se si e kuptoi q\u00eb n\u00eb fillim se do ishin p\u00ebr nj\u00ebri-tjetrin.<\/p>\n<div class=\"code-block code-block-6\">\u201cNe nuk jemi njohur n\u00eb televizion, kemi qen\u00eb t\u00eb ftuar n\u00eb nj\u00eb koncert recital. Atje u pam\u00eb dhe u mor\u00ebm vesh me nj\u00ebri tjetrin. Syt\u00eb tan\u00eb duhet ta k\u00ebrkoni nj\u00ebri tjetrin. Syt\u00eb e Donaldit m\u00eb godit\u00ebn q\u00eb n\u00eb momentin e par\u00eb. E dija q\u00eb nj\u00ebri nga binjak\u00ebt ishte i lidhur, kur pash Donaldin, i thash ishalla nuk \u00ebsht\u00eb ky i lidhuri. Dhe kur e mora vesh u \u00e7lirova. Donaldi i ka marr\u00eb hapat i pari, por ishte qart\u00eb gj\u00ebja q\u00eb n\u00eb fillim. E ruanim nj\u00ebri tjetrin me sy, filluan mesazhet derisa u takuam q\u00eb takoheshim p\u00ebr pak dhe shkonte biseda deri n\u00eb or\u00ebt e para t\u00eb m\u00ebngjesit. Humori ka qen\u00eb gj\u00ebja e par\u00eb q\u00eb na ka lidhur shum\u00eb me nj\u00ebri tjetrin. Qeshja aq shum\u00eb me mesazhet. Un\u00eb nuk dija emrat e \u00e7unave. Isha me shoqet e mia t\u00eb ngushta, nj\u00ebra gjeti emrin e Donaldit dhe shkon te storyt dhe thot\u00eb \u2018ky \u00ebsht\u00eb e gjeta\u2019. Un i them do dali emri im. M\u00eb \u00e7on screenshot q\u00eb i kisha par\u00eb storyn, tha m\u00eb n\u00eb fund t\u00eb gjeta. Ky ishte mesazhi i par\u00eb, pastaj filloi komunikimi.\u201d-tregoi Bora.<\/div>\n","protected":false},"excerpt":{"rendered":"<p>Bora Zemani ishte e ftuar n\u00eb \u201cS\u2019e luan topi\u201d n\u00eb nj\u00eb rr\u00ebfim shum\u00eb t\u00eb ndjer\u00eb&#8230;.<\/p>\n","protected":false},"author":1,"featured_media":0,"comment_status":"open","ping_status":"open","sticky":false,"template":"","format":"standard","meta":{"om_disable_all_campaigns":false,"_monsterinsights_skip_tracking":false,"_monsterinsights_sitenote_active":false,"_monsterinsights_sitenote_note":"","_monsterinsights_sitenote_category":0,"_uf_show_specific_survey":0,"_uf_disable_surveys":false,"footnotes":""},"categories":[1],"tags":[],"class_list":["post-7052","post","type-post","status-publish","format-standard","hentry","category-uncategorized"],"aioseo_notices":[],"views":101,"_links":{"self":[{"href":"https:\/\/used82.com\/index.php?rest_route=\/wp\/v2\/posts\/7052","targetHints":{"allow":["GET"]}}],"collection":[{"href":"https:\/\/used82.com\/index.php?rest_route=\/wp\/v2\/posts"}],"about":[{"href":"https:\/\/used82.com\/index.php?rest_route=\/wp\/v2\/types\/post"}],"author":[{"embeddable":true,"href":"https:\/\/used82.com\/index.php?rest_route=\/wp\/v2\/users\/1"}],"replies":[{"embeddable":true,"href":"https:\/\/used82.com\/index.php?rest_route=%2Fwp%2Fv2%2Fcomments&post=7052"}],"version-history":[{"count":0,"href":"https:\/\/used82.com\/index.php?rest_route=\/wp\/v2\/posts\/7052\/revisions"}],"wp:attachment":[{"href":"https:\/\/used82.com\/index.php?rest_route=%2Fwp%2Fv2%2Fmedia&parent=7052"}],"wp:term":[{"taxonomy":"category","embeddable":true,"href":"https:\/\/used82.com\/index.php?rest_route=%2Fwp%2Fv2%2Fcategories&post=7052"},{"taxonomy":"post_tag","embeddable":true,"href":"https:\/\/used82.com\/index.php?rest_route=%2Fwp%2Fv2%2Ftags&post=7052"}],"curies":[{"name":"wp","href":"https:\/\/api.w.org\/{rel}","templated":true}]}}